{"id":6972,"date":"2023-06-12T10:22:53","date_gmt":"2023-06-12T10:22:53","guid":{"rendered":"https:\/\/international.sites-cites.fr\/internacional-training-week-heritage-sustainable-development-june-12-16-2023\/"},"modified":"2024-02-02T13:58:28","modified_gmt":"2024-02-02T13:58:28","slug":"internacional-training-week-heritage-sustainable-development-june-12-16-2023","status":"publish","type":"post","link":"https:\/\/international.sites-cites.fr\/en\/internacional-training-week-heritage-sustainable-development-june-12-16-2023\/","title":{"rendered":"INTERNACIONAL TRAINING WEEK &#8220;HERITAGE &amp; SUSTAINABLE DEVELOPMENT&#8221; June 12 -16, 2023"},"content":{"rendered":"\t\t<div data-elementor-type=\"wp-post\" data-elementor-id=\"6972\" class=\"elementor elementor-6972 elementor-1533\" data-elementor-post-type=\"post\">\n\t\t\t\t\t\t<section class=\"elementor-section elementor-top-section elementor-element elementor-element-42fa0f85 elementor-section-boxed elementor-section-height-default elementor-section-height-default\" data-id=\"42fa0f85\" data-element_type=\"section\" data-e-type=\"section\">\n\t\t\t\t\t\t<div class=\"elementor-container elementor-column-gap-default\">\n\t\t\t\t\t<div class=\"elementor-column elementor-col-100 elementor-top-column elementor-element elementor-element-51f3019a\" data-id=\"51f3019a\" data-element_type=\"column\" data-e-type=\"column\">\n\t\t\t<div class=\"elementor-widget-wrap elementor-element-populated\">\n\t\t\t\t\t\t<div class=\"elementor-element elementor-element-78758eff elementor-widget elementor-widget-text-editor\" data-id=\"78758eff\" data-element_type=\"widget\" data-e-type=\"widget\" data-widget_type=\"text-editor.default\">\n\t\t\t\t<div class=\"elementor-widget-container\">\n\t\t\t\t\t\t\t\t\t<p>Sites &amp; Cit\u00e9s and Bordeaux Marie M\u00e9tropole have organized a study tour for an international delegation from June 19 to 21, 2023.<\/p>\n<p>The delegation was welcomed by C\u00e9line PAPIN, Deputy Mayor in charge of territorial, European and international cooperation, higher education and research, and Brigitte Bloch, local councillor in charge of tourism and the wine economy for Nadia Saadi.<\/p>\n<p>Our partners were also able to discuss topics related to sustainable tourism in historic centers, the rehabilitation of traditional neighborhoods and the signage of heritage sites with :<\/p>\n<ul>\n<li>Anne-Laure MONIOT, World Heritage Project Manager,<\/li>\n<li>Magali da Silva, International Cooperation Coordinator<\/li>\n<li>Sylvain SCHOONBAERT, Architect and historian<\/li>\n<li>Julie Benisty OVIEDO, Sustainable Tourism Manager, Bordeaux Metropolitan Convention and Visitors Bureau<\/li>\n<li>C\u00e9cile GARCIA, Responsible Tourism Project Manager, Tourism Department<\/li>\n<li>M\u00e9lanie TAMMEVESKI, Editorial and local tourism manager<\/li>\n<li>Chantal BECOT, Local economy manager,<\/li>\n<li>Aude CHATENET, Urban Renewal Project Manager<\/li>\n<li>Dominique BUSNEL, Project Manager for Facilities of Metropolitan Interest.<\/li>\n<\/ul>\n<p>Here is the international delegation:<\/p>\n<ul>\n<li>Juan Sebastian HERNANDEZ, Sustainable Tourism Strategy Leader, Corpo turismo Cartagena &#8211; Colombia<\/li>\n<li>Paulina ARBOLEDA Tourism Operations Manager, Quito Turismo &#8211; Ecuador<\/li>\n<li>B\u00e9r\u00e9nice VIDAL, General Manager of the Historic Center and Cultural Heritage of Puebla &#8211; Mexico<\/li>\n<li>Andrea DIAZ, Head of the Urban Image Department of the Directorate of the Historic Center and Cultural Heritage of Puebla &#8211; Mexico.<\/li>\n<\/ul>\n<p>The aim of these stays is to promote French experience in tourism and heritage abroad, to exchange practices between countries and to promote networking between partner cities.<\/p>\n\t\t\t\t\t\t\t\t<\/div>\n\t\t\t\t<\/div>\n\t\t\t\t<div class=\"elementor-element elementor-element-e3dc300 elementor-widget elementor-widget-gallery\" data-id=\"e3dc300\" data-element_type=\"widget\" data-e-type=\"widget\" data-settings=\"{&quot;gallery_layout&quot;:&quot;justified&quot;,&quot;lazyload&quot;:&quot;yes&quot;,&quot;ideal_row_height&quot;:{&quot;unit&quot;:&quot;px&quot;,&quot;size&quot;:200,&quot;sizes&quot;:[]},&quot;ideal_row_height_tablet&quot;:{&quot;unit&quot;:&quot;px&quot;,&quot;size&quot;:150,&quot;sizes&quot;:[]},&quot;ideal_row_height_mobile&quot;:{&quot;unit&quot;:&quot;px&quot;,&quot;size&quot;:150,&quot;sizes&quot;:[]},&quot;gap&quot;:{&quot;unit&quot;:&quot;px&quot;,&quot;size&quot;:10,&quot;sizes&quot;:[]},&quot;gap_tablet&quot;:{&quot;unit&quot;:&quot;px&quot;,&quot;size&quot;:10,&quot;sizes&quot;:[]},&quot;gap_mobile&quot;:{&quot;unit&quot;:&quot;px&quot;,&quot;size&quot;:10,&quot;sizes&quot;:[]},&quot;link_to&quot;:&quot;file&quot;,&quot;overlay_background&quot;:&quot;yes&quot;,&quot;content_hover_animation&quot;:&quot;fade-in&quot;}\" data-widget_type=\"gallery.default\">\n\t\t\t\t<div class=\"elementor-widget-container\">\n\t\t\t\t\t\t\t<div class=\"elementor-gallery__container\">\n\t\t\t\t\t\t\t<a class=\"e-gallery-item elementor-gallery-item elementor-animated-content\" href=\"https:\/\/international.sites-cites.fr\/wp-content\/uploads\/2023\/06\/WhatsApp-Image-2023-06-12-at-18.13.50.jpeg\" data-elementor-open-lightbox=\"yes\" data-elementor-lightbox-slideshow=\"e3dc300\" data-elementor-lightbox-title=\"WhatsApp Image 2023-06-12 at 18.13.50\" data-e-action-hash=\"#elementor-action%3Aaction%3Dlightbox%26settings%3DeyJpZCI6MjE0MSwidXJsIjoiaHR0cHM6XC9cL2ludGVybmF0aW9uYWwuc2l0ZXMtY2l0ZXMuZnJcL3dwLWNvbnRlbnRcL3VwbG9hZHNcLzIwMjNcLzA2XC9XaGF0c0FwcC1JbWFnZS0yMDIzLTA2LTEyLWF0LTE4LjEzLjUwLmpwZWciLCJzbGlkZXNob3ciOiJlM2RjMzAwIn0%3D\">\n\t\t\t\t\t<div class=\"e-gallery-image elementor-gallery-item__image\" data-thumbnail=\"https:\/\/international.sites-cites.fr\/wp-content\/uploads\/2023\/06\/WhatsApp-Image-2023-06-12-at-18.13.50.jpeg\" data-width=\"2000\" data-height=\"900\" aria-label=\"\" role=\"img\" ><\/div>\n\t\t\t\t\t\t\t\t\t\t\t<div class=\"elementor-gallery-item__overlay\"><\/div>\n\t\t\t\t\t\t\t\t\t\t\t\t\t\t<\/a>\n\t\t\t\t\t\t\t<a class=\"e-gallery-item elementor-gallery-item elementor-animated-content\" href=\"https:\/\/international.sites-cites.fr\/wp-content\/uploads\/2023\/06\/WhatsApp-Image-2023-06-12-at-21.24.04.jpeg\" data-elementor-open-lightbox=\"yes\" data-elementor-lightbox-slideshow=\"e3dc300\" data-elementor-lightbox-title=\"WhatsApp Image 2023-06-12 at 21.24.04\" data-e-action-hash=\"#elementor-action%3Aaction%3Dlightbox%26settings%3DeyJpZCI6MjE0MiwidXJsIjoiaHR0cHM6XC9cL2ludGVybmF0aW9uYWwuc2l0ZXMtY2l0ZXMuZnJcL3dwLWNvbnRlbnRcL3VwbG9hZHNcLzIwMjNcLzA2XC9XaGF0c0FwcC1JbWFnZS0yMDIzLTA2LTEyLWF0LTIxLjI0LjA0LmpwZWciLCJzbGlkZXNob3ciOiJlM2RjMzAwIn0%3D\">\n\t\t\t\t\t<div class=\"e-gallery-image elementor-gallery-item__image\" data-thumbnail=\"https:\/\/international.sites-cites.fr\/wp-content\/uploads\/2023\/06\/WhatsApp-Image-2023-06-12-at-21.24.04.jpeg\" data-width=\"1600\" data-height=\"902\" aria-label=\"\" role=\"img\" ><\/div>\n\t\t\t\t\t\t\t\t\t\t\t<div class=\"elementor-gallery-item__overlay\"><\/div>\n\t\t\t\t\t\t\t\t\t\t\t\t\t\t<\/a>\n\t\t\t\t\t\t\t<a class=\"e-gallery-item elementor-gallery-item elementor-animated-content\" href=\"https:\/\/international.sites-cites.fr\/wp-content\/uploads\/2023\/06\/WhatsApp-Image-2023-06-16-at-15.38.53.jpeg\" data-elementor-open-lightbox=\"yes\" data-elementor-lightbox-slideshow=\"e3dc300\" data-elementor-lightbox-title=\"WhatsApp Image 2023-06-16 at 15.38.53\" data-e-action-hash=\"#elementor-action%3Aaction%3Dlightbox%26settings%3DeyJpZCI6MjE1NSwidXJsIjoiaHR0cHM6XC9cL2ludGVybmF0aW9uYWwuc2l0ZXMtY2l0ZXMuZnJcL3dwLWNvbnRlbnRcL3VwbG9hZHNcLzIwMjNcLzA2XC9XaGF0c0FwcC1JbWFnZS0yMDIzLTA2LTE2LWF0LTE1LjM4LjUzLmpwZWciLCJzbGlkZXNob3ciOiJlM2RjMzAwIn0%3D\">\n\t\t\t\t\t<div class=\"e-gallery-image elementor-gallery-item__image\" data-thumbnail=\"https:\/\/international.sites-cites.fr\/wp-content\/uploads\/2023\/06\/WhatsApp-Image-2023-06-16-at-15.38.53.jpeg\" data-width=\"1600\" data-height=\"1200\" aria-label=\"\" role=\"img\" ><\/div>\n\t\t\t\t\t\t\t\t\t\t\t<div class=\"elementor-gallery-item__overlay\"><\/div>\n\t\t\t\t\t\t\t\t\t\t\t\t\t\t<\/a>\n\t\t\t\t\t\t\t<a class=\"e-gallery-item elementor-gallery-item elementor-animated-content\" href=\"https:\/\/international.sites-cites.fr\/wp-content\/uploads\/2023\/06\/WhatsApp-Image-2023-06-13-at-18.55.37.jpeg\" data-elementor-open-lightbox=\"yes\" data-elementor-lightbox-slideshow=\"e3dc300\" data-elementor-lightbox-title=\"WhatsApp Image 2023-06-13 at 18.55.37\" data-e-action-hash=\"#elementor-action%3Aaction%3Dlightbox%26settings%3DeyJpZCI6MjE0MywidXJsIjoiaHR0cHM6XC9cL2ludGVybmF0aW9uYWwuc2l0ZXMtY2l0ZXMuZnJcL3dwLWNvbnRlbnRcL3VwbG9hZHNcLzIwMjNcLzA2XC9XaGF0c0FwcC1JbWFnZS0yMDIzLTA2LTEzLWF0LTE4LjU1LjM3LmpwZWciLCJzbGlkZXNob3ciOiJlM2RjMzAwIn0%3D\">\n\t\t\t\t\t<div class=\"e-gallery-image elementor-gallery-item__image\" data-thumbnail=\"https:\/\/international.sites-cites.fr\/wp-content\/uploads\/2023\/06\/WhatsApp-Image-2023-06-13-at-18.55.37.jpeg\" data-width=\"1600\" data-height=\"900\" aria-label=\"\" role=\"img\" ><\/div>\n\t\t\t\t\t\t\t\t\t\t\t<div class=\"elementor-gallery-item__overlay\"><\/div>\n\t\t\t\t\t\t\t\t\t\t\t\t\t\t<\/a>\n\t\t\t\t\t\t\t<a class=\"e-gallery-item elementor-gallery-item elementor-animated-content\" href=\"https:\/\/international.sites-cites.fr\/wp-content\/uploads\/2023\/06\/WhatsApp-Image-2023-06-13-at-18.55.43.jpeg\" data-elementor-open-lightbox=\"yes\" data-elementor-lightbox-slideshow=\"e3dc300\" data-elementor-lightbox-title=\"WhatsApp Image 2023-06-13 at 18.55.43\" data-e-action-hash=\"#elementor-action%3Aaction%3Dlightbox%26settings%3DeyJpZCI6MjE1MCwidXJsIjoiaHR0cHM6XC9cL2ludGVybmF0aW9uYWwuc2l0ZXMtY2l0ZXMuZnJcL3dwLWNvbnRlbnRcL3VwbG9hZHNcLzIwMjNcLzA2XC9XaGF0c0FwcC1JbWFnZS0yMDIzLTA2LTEzLWF0LTE4LjU1LjQzLmpwZWciLCJzbGlkZXNob3ciOiJlM2RjMzAwIn0%3D\">\n\t\t\t\t\t<div class=\"e-gallery-image elementor-gallery-item__image\" data-thumbnail=\"https:\/\/international.sites-cites.fr\/wp-content\/uploads\/2023\/06\/WhatsApp-Image-2023-06-13-at-18.55.43.jpeg\" data-width=\"1600\" data-height=\"900\" aria-label=\"\" role=\"img\" ><\/div>\n\t\t\t\t\t\t\t\t\t\t\t<div class=\"elementor-gallery-item__overlay\"><\/div>\n\t\t\t\t\t\t\t\t\t\t\t\t\t\t<\/a>\n\t\t\t\t\t\t\t<a class=\"e-gallery-item elementor-gallery-item elementor-animated-content\" href=\"https:\/\/international.sites-cites.fr\/wp-content\/uploads\/2023\/06\/WhatsApp-Image-2023-06-13-at-18.55.43-1.jpeg\" data-elementor-open-lightbox=\"yes\" data-elementor-lightbox-slideshow=\"e3dc300\" data-elementor-lightbox-title=\"WhatsApp Image 2023-06-13 at 18.55.43 (1)\" data-e-action-hash=\"#elementor-action%3Aaction%3Dlightbox%26settings%3DeyJpZCI6MjE0NCwidXJsIjoiaHR0cHM6XC9cL2ludGVybmF0aW9uYWwuc2l0ZXMtY2l0ZXMuZnJcL3dwLWNvbnRlbnRcL3VwbG9hZHNcLzIwMjNcLzA2XC9XaGF0c0FwcC1JbWFnZS0yMDIzLTA2LTEzLWF0LTE4LjU1LjQzLTEuanBlZyIsInNsaWRlc2hvdyI6ImUzZGMzMDAifQ%3D%3D\">\n\t\t\t\t\t<div class=\"e-gallery-image elementor-gallery-item__image\" data-thumbnail=\"https:\/\/international.sites-cites.fr\/wp-content\/uploads\/2023\/06\/WhatsApp-Image-2023-06-13-at-18.55.43-1.jpeg\" data-width=\"900\" data-height=\"1600\" aria-label=\"\" role=\"img\" ><\/div>\n\t\t\t\t\t\t\t\t\t\t\t<div class=\"elementor-gallery-item__overlay\"><\/div>\n\t\t\t\t\t\t\t\t\t\t\t\t\t\t<\/a>\n\t\t\t\t\t\t\t<a class=\"e-gallery-item elementor-gallery-item elementor-animated-content\" href=\"https:\/\/international.sites-cites.fr\/wp-content\/uploads\/2023\/06\/WhatsApp-Image-2023-06-15-at-19.18.47.jpeg\" data-elementor-open-lightbox=\"yes\" data-elementor-lightbox-slideshow=\"e3dc300\" data-elementor-lightbox-title=\"WhatsApp Image 2023-06-15 at 19.18.47\" data-e-action-hash=\"#elementor-action%3Aaction%3Dlightbox%26settings%3DeyJpZCI6MjE1MiwidXJsIjoiaHR0cHM6XC9cL2ludGVybmF0aW9uYWwuc2l0ZXMtY2l0ZXMuZnJcL3dwLWNvbnRlbnRcL3VwbG9hZHNcLzIwMjNcLzA2XC9XaGF0c0FwcC1JbWFnZS0yMDIzLTA2LTE1LWF0LTE5LjE4LjQ3LmpwZWciLCJzbGlkZXNob3ciOiJlM2RjMzAwIn0%3D\">\n\t\t\t\t\t<div class=\"e-gallery-image elementor-gallery-item__image\" data-thumbnail=\"https:\/\/international.sites-cites.fr\/wp-content\/uploads\/2023\/06\/WhatsApp-Image-2023-06-15-at-19.18.47.jpeg\" data-width=\"1600\" data-height=\"900\" aria-label=\"\" role=\"img\" ><\/div>\n\t\t\t\t\t\t\t\t\t\t\t<div class=\"elementor-gallery-item__overlay\"><\/div>\n\t\t\t\t\t\t\t\t\t\t\t\t\t\t<\/a>\n\t\t\t\t\t\t\t<a class=\"e-gallery-item elementor-gallery-item elementor-animated-content\" href=\"https:\/\/international.sites-cites.fr\/wp-content\/uploads\/2023\/06\/WhatsApp-Image-2023-06-15-at-19.48.36.jpeg\" data-elementor-open-lightbox=\"yes\" data-elementor-lightbox-slideshow=\"e3dc300\" data-elementor-lightbox-title=\"WhatsApp Image 2023-06-15 at 19.48.36\" data-e-action-hash=\"#elementor-action%3Aaction%3Dlightbox%26settings%3DeyJpZCI6MjE1MywidXJsIjoiaHR0cHM6XC9cL2ludGVybmF0aW9uYWwuc2l0ZXMtY2l0ZXMuZnJcL3dwLWNvbnRlbnRcL3VwbG9hZHNcLzIwMjNcLzA2XC9XaGF0c0FwcC1JbWFnZS0yMDIzLTA2LTE1LWF0LTE5LjQ4LjM2LmpwZWciLCJzbGlkZXNob3ciOiJlM2RjMzAwIn0%3D\">\n\t\t\t\t\t<div class=\"e-gallery-image elementor-gallery-item__image\" data-thumbnail=\"https:\/\/international.sites-cites.fr\/wp-content\/uploads\/2023\/06\/WhatsApp-Image-2023-06-15-at-19.48.36.jpeg\" data-width=\"960\" data-height=\"1280\" aria-label=\"\" role=\"img\" ><\/div>\n\t\t\t\t\t\t\t\t\t\t\t<div class=\"elementor-gallery-item__overlay\"><\/div>\n\t\t\t\t\t\t\t\t\t\t\t\t\t\t<\/a>\n\t\t\t\t\t\t\t<a class=\"e-gallery-item elementor-gallery-item elementor-animated-content\" href=\"https:\/\/international.sites-cites.fr\/wp-content\/uploads\/2023\/06\/WhatsApp-Image-2023-06-14-at-15.13.12.jpeg\" data-elementor-open-lightbox=\"yes\" data-elementor-lightbox-slideshow=\"e3dc300\" data-elementor-lightbox-title=\"WhatsApp Image 2023-06-14 at 15.13.12\" data-e-action-hash=\"#elementor-action%3Aaction%3Dlightbox%26settings%3DeyJpZCI6MjE1MSwidXJsIjoiaHR0cHM6XC9cL2ludGVybmF0aW9uYWwuc2l0ZXMtY2l0ZXMuZnJcL3dwLWNvbnRlbnRcL3VwbG9hZHNcLzIwMjNcLzA2XC9XaGF0c0FwcC1JbWFnZS0yMDIzLTA2LTE0LWF0LTE1LjEzLjEyLmpwZWciLCJzbGlkZXNob3ciOiJlM2RjMzAwIn0%3D\">\n\t\t\t\t\t<div class=\"e-gallery-image elementor-gallery-item__image\" data-thumbnail=\"https:\/\/international.sites-cites.fr\/wp-content\/uploads\/2023\/06\/WhatsApp-Image-2023-06-14-at-15.13.12.jpeg\" data-width=\"2016\" data-height=\"1134\" aria-label=\"\" role=\"img\" ><\/div>\n\t\t\t\t\t\t\t\t\t\t\t<div class=\"elementor-gallery-item__overlay\"><\/div>\n\t\t\t\t\t\t\t\t\t\t\t\t\t\t<\/a>\n\t\t\t\t\t\t\t<a class=\"e-gallery-item elementor-gallery-item elementor-animated-content\" href=\"https:\/\/international.sites-cites.fr\/wp-content\/uploads\/2023\/06\/WhatsApp-Image-2023-06-16-at-12.05.08.jpeg\" data-elementor-open-lightbox=\"yes\" data-elementor-lightbox-slideshow=\"e3dc300\" data-elementor-lightbox-title=\"WhatsApp Image 2023-06-16 at 12.05.08\" data-e-action-hash=\"#elementor-action%3Aaction%3Dlightbox%26settings%3DeyJpZCI6MjE1NCwidXJsIjoiaHR0cHM6XC9cL2ludGVybmF0aW9uYWwuc2l0ZXMtY2l0ZXMuZnJcL3dwLWNvbnRlbnRcL3VwbG9hZHNcLzIwMjNcLzA2XC9XaGF0c0FwcC1JbWFnZS0yMDIzLTA2LTE2LWF0LTEyLjA1LjA4LmpwZWciLCJzbGlkZXNob3ciOiJlM2RjMzAwIn0%3D\">\n\t\t\t\t\t<div class=\"e-gallery-image elementor-gallery-item__image\" data-thumbnail=\"https:\/\/international.sites-cites.fr\/wp-content\/uploads\/2023\/06\/WhatsApp-Image-2023-06-16-at-12.05.08.jpeg\" data-width=\"1600\" data-height=\"1200\" aria-label=\"\" role=\"img\" ><\/div>\n\t\t\t\t\t\t\t\t\t\t\t<div class=\"elementor-gallery-item__overlay\"><\/div>\n\t\t\t\t\t\t\t\t\t\t\t\t\t\t<\/a>\n\t\t\t\t\t<\/div>\n\t\t\t\t\t<\/div>\n\t\t\t\t<\/div>\n\t\t\t\t\t<\/div>\n\t\t<\/div>\n\t\t\t\t\t<\/div>\n\t\t<\/section>\n\t\t\t\t<\/div>\n\t\t","protected":false},"excerpt":{"rendered":"<p>Sites &amp; Cit\u00e9s and Bordeaux Marie M\u00e9tropole have organized a study tour for an international delegation from June 19 to 21, 2023. The delegation was welcomed by C\u00e9line PAPIN, Deputy Mayor in charge of territorial, European and international cooperation, higher education and research, and Brigitte Bloch, local councillor in charge of tourism and the wine [&hellip;]<\/p>\n","protected":false},"author":3,"featured_media":2140,"comment_status":"open","ping_status":"open","sticky":false,"template":"","format":"standard","meta":{"_acf_changed":false,"_bbp_topic_count":0,"_bbp_reply_count":0,"_bbp_total_topic_count":0,"_bbp_total_reply_count":0,"_bbp_voice_count":0,"_bbp_anonymous_reply_count":0,"_bbp_topic_count_hidden":0,"_bbp_reply_count_hidden":0,"_bbp_forum_subforum_count":0,"footnotes":""},"categories":[186],"tags":[],"class_list":["post-6972","post","type-post","status-publish","format-standard","has-post-thumbnail","hentry","category-past-actions"],"acf":[],"yoast_head":"<!-- This site is optimized with the Yoast SEO plugin v27.5 - https:\/\/yoast.com\/product\/yoast-seo-wordpress\/ -->\n<title>INTERNACIONAL TRAINING WEEK &quot;HERITAGE &amp; SUSTAINABLE DEVELOPMENT&quot; June 12 -16, 2023 - Sites &amp; Cit\u00e9s International<\/title>\n<meta name=\"robots\" content=\"index, follow, max-snippet:-1, max-image-preview:large, max-video-preview:-1\" \/>\n<link rel=\"canonical\" href=\"https:\/\/international.sites-cites.fr\/en\/internacional-training-week-heritage-sustainable-development-june-12-16-2023\/\" \/>\n<meta property=\"og:locale\" content=\"en_US\" \/>\n<meta property=\"og:type\" content=\"article\" \/>\n<meta property=\"og:title\" content=\"INTERNACIONAL TRAINING WEEK &quot;HERITAGE &amp; SUSTAINABLE DEVELOPMENT&quot; June 12 -16, 2023 - Sites &amp; Cit\u00e9s International\" \/>\n<meta property=\"og:description\" content=\"Sites &amp; Cit\u00e9s and Bordeaux Marie M\u00e9tropole have organized a study tour for an international delegation from June 19 to 21, 2023. The delegation was welcomed by C\u00e9line PAPIN, Deputy Mayor in charge of territorial, European and international cooperation, higher education and research, and Brigitte Bloch, local councillor in charge of tourism and the wine [&hellip;]\" \/>\n<meta property=\"og:url\" content=\"https:\/\/international.sites-cites.fr\/en\/internacional-training-week-heritage-sustainable-development-june-12-16-2023\/\" \/>\n<meta property=\"og:site_name\" content=\"Sites &amp; Cit\u00e9s International\" \/>\n<meta property=\"article:published_time\" content=\"2023-06-12T10:22:53+00:00\" \/>\n<meta property=\"article:modified_time\" content=\"2024-02-02T13:58:28+00:00\" \/>\n<meta property=\"og:image\" content=\"https:\/\/international.sites-cites.fr\/wp-content\/uploads\/2023\/06\/WhatsApp-Image-2023-06-12-at-18.13.50-1.jpeg\" \/>\n\t<meta property=\"og:image:width\" content=\"1600\" \/>\n\t<meta property=\"og:image:height\" content=\"720\" \/>\n\t<meta property=\"og:image:type\" content=\"image\/jpeg\" \/>\n<meta name=\"author\" content=\"Sites &amp; Cit\u00e9s\" \/>\n<meta name=\"twitter:card\" content=\"summary_large_image\" \/>\n<meta name=\"twitter:label1\" content=\"Written by\" \/>\n\t<meta name=\"twitter:data1\" content=\"Sites &amp; Cit\u00e9s\" \/>\n\t<meta name=\"twitter:label2\" content=\"Est. reading time\" \/>\n\t<meta name=\"twitter:data2\" content=\"1 minute\" \/>\n<script type=\"application\/ld+json\" class=\"yoast-schema-graph\">{\"@context\":\"https:\\\/\\\/schema.org\",\"@graph\":[{\"@type\":\"Article\",\"@id\":\"https:\\\/\\\/international.sites-cites.fr\\\/en\\\/internacional-training-week-heritage-sustainable-development-june-12-16-2023\\\/#article\",\"isPartOf\":{\"@id\":\"https:\\\/\\\/international.sites-cites.fr\\\/en\\\/internacional-training-week-heritage-sustainable-development-june-12-16-2023\\\/\"},\"author\":{\"name\":\"Sites &amp; Cit\u00e9s\",\"@id\":\"https:\\\/\\\/international.sites-cites.fr\\\/en\\\/#\\\/schema\\\/person\\\/ed564f2d88350a097a740a91261d1ac2\"},\"headline\":\"INTERNACIONAL TRAINING WEEK &#8220;HERITAGE &amp; SUSTAINABLE DEVELOPMENT&#8221; June 12 -16, 2023\",\"datePublished\":\"2023-06-12T10:22:53+00:00\",\"dateModified\":\"2024-02-02T13:58:28+00:00\",\"mainEntityOfPage\":{\"@id\":\"https:\\\/\\\/international.sites-cites.fr\\\/en\\\/internacional-training-week-heritage-sustainable-development-june-12-16-2023\\\/\"},\"wordCount\":253,\"commentCount\":0,\"publisher\":{\"@id\":\"https:\\\/\\\/international.sites-cites.fr\\\/en\\\/#organization\"},\"image\":{\"@id\":\"https:\\\/\\\/international.sites-cites.fr\\\/en\\\/internacional-training-week-heritage-sustainable-development-june-12-16-2023\\\/#primaryimage\"},\"thumbnailUrl\":\"https:\\\/\\\/international.sites-cites.fr\\\/wp-content\\\/uploads\\\/2023\\\/06\\\/WhatsApp-Image-2023-06-12-at-18.13.50-1.jpeg\",\"articleSection\":[\"Past actions\"],\"inLanguage\":\"en-US\",\"potentialAction\":[{\"@type\":\"CommentAction\",\"name\":\"Comment\",\"target\":[\"https:\\\/\\\/international.sites-cites.fr\\\/en\\\/internacional-training-week-heritage-sustainable-development-june-12-16-2023\\\/#respond\"]}]},{\"@type\":\"WebPage\",\"@id\":\"https:\\\/\\\/international.sites-cites.fr\\\/en\\\/internacional-training-week-heritage-sustainable-development-june-12-16-2023\\\/\",\"url\":\"https:\\\/\\\/international.sites-cites.fr\\\/en\\\/internacional-training-week-heritage-sustainable-development-june-12-16-2023\\\/\",\"name\":\"INTERNACIONAL TRAINING WEEK \\\"HERITAGE &amp; SUSTAINABLE DEVELOPMENT\\\" June 12 -16, 2023 - Sites &amp; Cit\u00e9s International\",\"isPartOf\":{\"@id\":\"https:\\\/\\\/international.sites-cites.fr\\\/en\\\/#website\"},\"primaryImageOfPage\":{\"@id\":\"https:\\\/\\\/international.sites-cites.fr\\\/en\\\/internacional-training-week-heritage-sustainable-development-june-12-16-2023\\\/#primaryimage\"},\"image\":{\"@id\":\"https:\\\/\\\/international.sites-cites.fr\\\/en\\\/internacional-training-week-heritage-sustainable-development-june-12-16-2023\\\/#primaryimage\"},\"thumbnailUrl\":\"https:\\\/\\\/international.sites-cites.fr\\\/wp-content\\\/uploads\\\/2023\\\/06\\\/WhatsApp-Image-2023-06-12-at-18.13.50-1.jpeg\",\"datePublished\":\"2023-06-12T10:22:53+00:00\",\"dateModified\":\"2024-02-02T13:58:28+00:00\",\"breadcrumb\":{\"@id\":\"https:\\\/\\\/international.sites-cites.fr\\\/en\\\/internacional-training-week-heritage-sustainable-development-june-12-16-2023\\\/#breadcrumb\"},\"inLanguage\":\"en-US\",\"potentialAction\":[{\"@type\":\"ReadAction\",\"target\":[\"https:\\\/\\\/international.sites-cites.fr\\\/en\\\/internacional-training-week-heritage-sustainable-development-june-12-16-2023\\\/\"]}]},{\"@type\":\"ImageObject\",\"inLanguage\":\"en-US\",\"@id\":\"https:\\\/\\\/international.sites-cites.fr\\\/en\\\/internacional-training-week-heritage-sustainable-development-june-12-16-2023\\\/#primaryimage\",\"url\":\"https:\\\/\\\/international.sites-cites.fr\\\/wp-content\\\/uploads\\\/2023\\\/06\\\/WhatsApp-Image-2023-06-12-at-18.13.50-1.jpeg\",\"contentUrl\":\"https:\\\/\\\/international.sites-cites.fr\\\/wp-content\\\/uploads\\\/2023\\\/06\\\/WhatsApp-Image-2023-06-12-at-18.13.50-1.jpeg\",\"width\":1600,\"height\":720},{\"@type\":\"BreadcrumbList\",\"@id\":\"https:\\\/\\\/international.sites-cites.fr\\\/en\\\/internacional-training-week-heritage-sustainable-development-june-12-16-2023\\\/#breadcrumb\",\"itemListElement\":[{\"@type\":\"ListItem\",\"position\":1,\"name\":\"Accueil\",\"item\":\"https:\\\/\\\/international.sites-cites.fr\\\/en\\\/\"},{\"@type\":\"ListItem\",\"position\":2,\"name\":\"INTERNACIONAL TRAINING WEEK \u00ab\u00a0HERITAGE &amp; SUSTAINABLE DEVELOPMENT\u00a0\u00bb June 12 -16, 2023\"}]},{\"@type\":\"WebSite\",\"@id\":\"https:\\\/\\\/international.sites-cites.fr\\\/en\\\/#website\",\"url\":\"https:\\\/\\\/international.sites-cites.fr\\\/en\\\/\",\"name\":\"Sites & Cit\u00e9s International\",\"description\":\"\",\"publisher\":{\"@id\":\"https:\\\/\\\/international.sites-cites.fr\\\/en\\\/#organization\"},\"potentialAction\":[{\"@type\":\"SearchAction\",\"target\":{\"@type\":\"EntryPoint\",\"urlTemplate\":\"https:\\\/\\\/international.sites-cites.fr\\\/en\\\/?s={search_term_string}\"},\"query-input\":{\"@type\":\"PropertyValueSpecification\",\"valueRequired\":true,\"valueName\":\"search_term_string\"}}],\"inLanguage\":\"en-US\"},{\"@type\":\"Organization\",\"@id\":\"https:\\\/\\\/international.sites-cites.fr\\\/en\\\/#organization\",\"name\":\"Sites & Cit\u00e9s International\",\"url\":\"https:\\\/\\\/international.sites-cites.fr\\\/en\\\/\",\"logo\":{\"@type\":\"ImageObject\",\"inLanguage\":\"en-US\",\"@id\":\"https:\\\/\\\/international.sites-cites.fr\\\/en\\\/#\\\/schema\\\/logo\\\/image\\\/\",\"url\":\"https:\\\/\\\/international.sites-cites.fr\\\/wp-content\\\/uploads\\\/2023\\\/01\\\/cropped-logo-01.png\",\"contentUrl\":\"https:\\\/\\\/international.sites-cites.fr\\\/wp-content\\\/uploads\\\/2023\\\/01\\\/cropped-logo-01.png\",\"width\":1378,\"height\":1015,\"caption\":\"Sites & Cit\u00e9s International\"},\"image\":{\"@id\":\"https:\\\/\\\/international.sites-cites.fr\\\/en\\\/#\\\/schema\\\/logo\\\/image\\\/\"}},{\"@type\":\"Person\",\"@id\":\"https:\\\/\\\/international.sites-cites.fr\\\/en\\\/#\\\/schema\\\/person\\\/ed564f2d88350a097a740a91261d1ac2\",\"name\":\"Sites &amp; Cit\u00e9s\",\"image\":{\"@type\":\"ImageObject\",\"inLanguage\":\"en-US\",\"@id\":\"https:\\\/\\\/secure.gravatar.com\\\/avatar\\\/eee5f372a425f83e1bc28203a4022cf527db8b280da8a9bb3364d0ed0f195782?s=96&d=mm&r=g\",\"url\":\"https:\\\/\\\/secure.gravatar.com\\\/avatar\\\/eee5f372a425f83e1bc28203a4022cf527db8b280da8a9bb3364d0ed0f195782?s=96&d=mm&r=g\",\"contentUrl\":\"https:\\\/\\\/secure.gravatar.com\\\/avatar\\\/eee5f372a425f83e1bc28203a4022cf527db8b280da8a9bb3364d0ed0f195782?s=96&d=mm&r=g\",\"caption\":\"Sites &amp; Cit\u00e9s\"}}]}<\/script>\n<!-- \/ Yoast SEO plugin. -->","yoast_head_json":{"title":"INTERNACIONAL TRAINING WEEK \"HERITAGE &amp; SUSTAINABLE DEVELOPMENT\" June 12 -16, 2023 - Sites &amp; Cit\u00e9s International","robots":{"index":"index","follow":"follow","max-snippet":"max-snippet:-1","max-image-preview":"max-image-preview:large","max-video-preview":"max-video-preview:-1"},"canonical":"https:\/\/international.sites-cites.fr\/en\/internacional-training-week-heritage-sustainable-development-june-12-16-2023\/","og_locale":"en_US","og_type":"article","og_title":"INTERNACIONAL TRAINING WEEK \"HERITAGE &amp; SUSTAINABLE DEVELOPMENT\" June 12 -16, 2023 - Sites &amp; Cit\u00e9s International","og_description":"Sites &amp; Cit\u00e9s and Bordeaux Marie M\u00e9tropole have organized a study tour for an international delegation from June 19 to 21, 2023. The delegation was welcomed by C\u00e9line PAPIN, Deputy Mayor in charge of territorial, European and international cooperation, higher education and research, and Brigitte Bloch, local councillor in charge of tourism and the wine [&hellip;]","og_url":"https:\/\/international.sites-cites.fr\/en\/internacional-training-week-heritage-sustainable-development-june-12-16-2023\/","og_site_name":"Sites &amp; Cit\u00e9s International","article_published_time":"2023-06-12T10:22:53+00:00","article_modified_time":"2024-02-02T13:58:28+00:00","og_image":[{"width":1600,"height":720,"url":"https:\/\/international.sites-cites.fr\/wp-content\/uploads\/2023\/06\/WhatsApp-Image-2023-06-12-at-18.13.50-1.jpeg","type":"image\/jpeg"}],"author":"Sites &amp; Cit\u00e9s","twitter_card":"summary_large_image","twitter_misc":{"Written by":"Sites &amp; Cit\u00e9s","Est. reading time":"1 minute"},"schema":{"@context":"https:\/\/schema.org","@graph":[{"@type":"Article","@id":"https:\/\/international.sites-cites.fr\/en\/internacional-training-week-heritage-sustainable-development-june-12-16-2023\/#article","isPartOf":{"@id":"https:\/\/international.sites-cites.fr\/en\/internacional-training-week-heritage-sustainable-development-june-12-16-2023\/"},"author":{"name":"Sites &amp; Cit\u00e9s","@id":"https:\/\/international.sites-cites.fr\/en\/#\/schema\/person\/ed564f2d88350a097a740a91261d1ac2"},"headline":"INTERNACIONAL TRAINING WEEK &#8220;HERITAGE &amp; SUSTAINABLE DEVELOPMENT&#8221; June 12 -16, 2023","datePublished":"2023-06-12T10:22:53+00:00","dateModified":"2024-02-02T13:58:28+00:00","mainEntityOfPage":{"@id":"https:\/\/international.sites-cites.fr\/en\/internacional-training-week-heritage-sustainable-development-june-12-16-2023\/"},"wordCount":253,"commentCount":0,"publisher":{"@id":"https:\/\/international.sites-cites.fr\/en\/#organization"},"image":{"@id":"https:\/\/international.sites-cites.fr\/en\/internacional-training-week-heritage-sustainable-development-june-12-16-2023\/#primaryimage"},"thumbnailUrl":"https:\/\/international.sites-cites.fr\/wp-content\/uploads\/2023\/06\/WhatsApp-Image-2023-06-12-at-18.13.50-1.jpeg","articleSection":["Past actions"],"inLanguage":"en-US","potentialAction":[{"@type":"CommentAction","name":"Comment","target":["https:\/\/international.sites-cites.fr\/en\/internacional-training-week-heritage-sustainable-development-june-12-16-2023\/#respond"]}]},{"@type":"WebPage","@id":"https:\/\/international.sites-cites.fr\/en\/internacional-training-week-heritage-sustainable-development-june-12-16-2023\/","url":"https:\/\/international.sites-cites.fr\/en\/internacional-training-week-heritage-sustainable-development-june-12-16-2023\/","name":"INTERNACIONAL TRAINING WEEK \"HERITAGE &amp; SUSTAINABLE DEVELOPMENT\" June 12 -16, 2023 - Sites &amp; Cit\u00e9s International","isPartOf":{"@id":"https:\/\/international.sites-cites.fr\/en\/#website"},"primaryImageOfPage":{"@id":"https:\/\/international.sites-cites.fr\/en\/internacional-training-week-heritage-sustainable-development-june-12-16-2023\/#primaryimage"},"image":{"@id":"https:\/\/international.sites-cites.fr\/en\/internacional-training-week-heritage-sustainable-development-june-12-16-2023\/#primaryimage"},"thumbnailUrl":"https:\/\/international.sites-cites.fr\/wp-content\/uploads\/2023\/06\/WhatsApp-Image-2023-06-12-at-18.13.50-1.jpeg","datePublished":"2023-06-12T10:22:53+00:00","dateModified":"2024-02-02T13:58:28+00:00","breadcrumb":{"@id":"https:\/\/international.sites-cites.fr\/en\/internacional-training-week-heritage-sustainable-development-june-12-16-2023\/#breadcrumb"},"inLanguage":"en-US","potentialAction":[{"@type":"ReadAction","target":["https:\/\/international.sites-cites.fr\/en\/internacional-training-week-heritage-sustainable-development-june-12-16-2023\/"]}]},{"@type":"ImageObject","inLanguage":"en-US","@id":"https:\/\/international.sites-cites.fr\/en\/internacional-training-week-heritage-sustainable-development-june-12-16-2023\/#primaryimage","url":"https:\/\/international.sites-cites.fr\/wp-content\/uploads\/2023\/06\/WhatsApp-Image-2023-06-12-at-18.13.50-1.jpeg","contentUrl":"https:\/\/international.sites-cites.fr\/wp-content\/uploads\/2023\/06\/WhatsApp-Image-2023-06-12-at-18.13.50-1.jpeg","width":1600,"height":720},{"@type":"BreadcrumbList","@id":"https:\/\/international.sites-cites.fr\/en\/internacional-training-week-heritage-sustainable-development-june-12-16-2023\/#breadcrumb","itemListElement":[{"@type":"ListItem","position":1,"name":"Accueil","item":"https:\/\/international.sites-cites.fr\/en\/"},{"@type":"ListItem","position":2,"name":"INTERNACIONAL TRAINING WEEK \u00ab\u00a0HERITAGE &amp; SUSTAINABLE DEVELOPMENT\u00a0\u00bb June 12 -16, 2023"}]},{"@type":"WebSite","@id":"https:\/\/international.sites-cites.fr\/en\/#website","url":"https:\/\/international.sites-cites.fr\/en\/","name":"Sites & Cit\u00e9s International","description":"","publisher":{"@id":"https:\/\/international.sites-cites.fr\/en\/#organization"},"potentialAction":[{"@type":"SearchAction","target":{"@type":"EntryPoint","urlTemplate":"https:\/\/international.sites-cites.fr\/en\/?s={search_term_string}"},"query-input":{"@type":"PropertyValueSpecification","valueRequired":true,"valueName":"search_term_string"}}],"inLanguage":"en-US"},{"@type":"Organization","@id":"https:\/\/international.sites-cites.fr\/en\/#organization","name":"Sites & Cit\u00e9s International","url":"https:\/\/international.sites-cites.fr\/en\/","logo":{"@type":"ImageObject","inLanguage":"en-US","@id":"https:\/\/international.sites-cites.fr\/en\/#\/schema\/logo\/image\/","url":"https:\/\/international.sites-cites.fr\/wp-content\/uploads\/2023\/01\/cropped-logo-01.png","contentUrl":"https:\/\/international.sites-cites.fr\/wp-content\/uploads\/2023\/01\/cropped-logo-01.png","width":1378,"height":1015,"caption":"Sites & Cit\u00e9s International"},"image":{"@id":"https:\/\/international.sites-cites.fr\/en\/#\/schema\/logo\/image\/"}},{"@type":"Person","@id":"https:\/\/international.sites-cites.fr\/en\/#\/schema\/person\/ed564f2d88350a097a740a91261d1ac2","name":"Sites &amp; Cit\u00e9s","image":{"@type":"ImageObject","inLanguage":"en-US","@id":"https:\/\/secure.gravatar.com\/avatar\/eee5f372a425f83e1bc28203a4022cf527db8b280da8a9bb3364d0ed0f195782?s=96&d=mm&r=g","url":"https:\/\/secure.gravatar.com\/avatar\/eee5f372a425f83e1bc28203a4022cf527db8b280da8a9bb3364d0ed0f195782?s=96&d=mm&r=g","contentUrl":"https:\/\/secure.gravatar.com\/avatar\/eee5f372a425f83e1bc28203a4022cf527db8b280da8a9bb3364d0ed0f195782?s=96&d=mm&r=g","caption":"Sites &amp; Cit\u00e9s"}}]}},"_links":{"self":[{"href":"https:\/\/international.sites-cites.fr\/en\/wp-json\/wp\/v2\/posts\/6972","targetHints":{"allow":["GET"]}}],"collection":[{"href":"https:\/\/international.sites-cites.fr\/en\/wp-json\/wp\/v2\/posts"}],"about":[{"href":"https:\/\/international.sites-cites.fr\/en\/wp-json\/wp\/v2\/types\/post"}],"author":[{"embeddable":true,"href":"https:\/\/international.sites-cites.fr\/en\/wp-json\/wp\/v2\/users\/3"}],"replies":[{"embeddable":true,"href":"https:\/\/international.sites-cites.fr\/en\/wp-json\/wp\/v2\/comments?post=6972"}],"version-history":[{"count":4,"href":"https:\/\/international.sites-cites.fr\/en\/wp-json\/wp\/v2\/posts\/6972\/revisions"}],"predecessor-version":[{"id":7007,"href":"https:\/\/international.sites-cites.fr\/en\/wp-json\/wp\/v2\/posts\/6972\/revisions\/7007"}],"wp:featuredmedia":[{"embeddable":true,"href":"https:\/\/international.sites-cites.fr\/en\/wp-json\/wp\/v2\/media\/2140"}],"wp:attachment":[{"href":"https:\/\/international.sites-cites.fr\/en\/wp-json\/wp\/v2\/media?parent=6972"}],"wp:term":[{"taxonomy":"category","embeddable":true,"href":"https:\/\/international.sites-cites.fr\/en\/wp-json\/wp\/v2\/categories?post=6972"},{"taxonomy":"post_tag","embeddable":true,"href":"https:\/\/international.sites-cites.fr\/en\/wp-json\/wp\/v2\/tags?post=6972"}],"curies":[{"name":"wp","href":"https:\/\/api.w.org\/{rel}","templated":true}]}}