{"id":1880,"date":"2022-11-28T09:30:42","date_gmt":"2022-11-28T09:30:42","guid":{"rendered":"https:\/\/international.sites-cites.fr\/2022\/11\/28\/reunion-en-linea-presentacion-de-las-politicas-patrimoniales-28-de-noviembre-de-2022\/"},"modified":"2024-02-02T13:58:28","modified_gmt":"2024-02-02T13:58:28","slug":"reunion-en-linea-presentacion-de-las-politicas-patrimoniales-28-de-noviembre-de-2022","status":"publish","type":"post","link":"https:\/\/international.sites-cites.fr\/es\/reunion-en-linea-presentacion-de-las-politicas-patrimoniales-28-de-noviembre-de-2022\/","title":{"rendered":"REUNI\u00d3N EN LINEA \/ PRESENTACI\u00d3N DE LAS POL\u00cdTICAS PATRIMONIALES &#8211; 28 de noviembre de 2022"},"content":{"rendered":"\t\t<div data-elementor-type=\"wp-post\" data-elementor-id=\"1880\" class=\"elementor elementor-1880 elementor-102\" data-elementor-post-type=\"post\">\n\t\t\t\t\t\t<section class=\"elementor-section elementor-top-section elementor-element elementor-element-42fa0f85 elementor-section-boxed elementor-section-height-default elementor-section-height-default\" data-id=\"42fa0f85\" data-element_type=\"section\" data-e-type=\"section\">\n\t\t\t\t\t\t<div class=\"elementor-container elementor-column-gap-default\">\n\t\t\t\t\t<div class=\"elementor-column elementor-col-100 elementor-top-column elementor-element elementor-element-51f3019a\" data-id=\"51f3019a\" data-element_type=\"column\" data-e-type=\"column\">\n\t\t\t<div class=\"elementor-widget-wrap elementor-element-populated\">\n\t\t\t\t\t\t<div class=\"elementor-element elementor-element-78758eff elementor-widget elementor-widget-text-editor\" data-id=\"78758eff\" data-element_type=\"widget\" data-e-type=\"widget\" data-widget_type=\"text-editor.default\">\n\t\t\t\t<div class=\"elementor-widget-container\">\n\t\t\t\t\t\t\t\t\t<p>El lunes 28 de noviembre de 2022, Sites &amp; Cit\u00e9s organiz\u00f3 una reuni\u00f3n para presentar las pol\u00edticas patrimoniales aplicadas en los centros hist\u00f3ricos de los cuatro pa\u00edses.<\/p>\n<p>En esta reuni\u00f3n contamos con la participaci\u00f3n de un especialista de cada pa\u00eds miembro del proyecto:<\/p>\n<ul>\n<li>Rosana CALDER\u00d3N, Subdirectora de Proyectos Especiales, Departamento de Patrimonio Mundial, INAH &#8211; M\u00e9xico<\/li>\n<li>Alex REMACHE, Especialista, Departamento de Planificaci\u00f3n Territorial &#8211; <a href=\"https:\/\/www.facebook.com\/MinisterioTurismoEcuador?__cft__%5b0%5d=AZWHPN8h_dIuOw5gTXsqr223omLf2qqa5OhLc9ry-W6I58B1ajpT3iQbrusTF--3HUshQ9xs_T1NP1j0Qdeg-ps7u5bM38bHEuE4aCIlS6kmKgy7Ujpi-FjlAZ857MBMpXMPhhBBWcKNPUbx3WClhMIuzEIAjnVAl0Bw0jRIqohouwaknxKrNKdsQyfRwzGIDog&amp;__tn__=-%5dK-R\">Ministerio Turismo Ecuador<\/a> &#8211; Ecuador<\/li>\n<li>Johanna URIBE, Asesora de Infraestructuras &#8211; Ministerio de Turismo &#8211; Colombia<\/li>\n<li>Jacky CRUCHON, consultor en urbanismo y patrimonio -Francia<\/li>\n<\/ul>\n<p>Cada experto pudo presentar a las ciudades asociadas el marco jur\u00eddico y las estrategias nacionales y locales en materia de patrimonio. Se trata de un requisito previo importante para este proyecto, que tratar\u00e1 espec\u00edficamente de la conservaci\u00f3n y mejora de nuestro patrimonio.<\/p>\n<p><strong>Encontrar\u00e1 todas las fichas resumen de las presentaciones aqu\u00ed<\/strong> (enlace pdf al \u00e1rea de miembros).<\/p>\n\t\t\t\t\t\t\t\t<\/div>\n\t\t\t\t<\/div>\n\t\t\t\t\t<\/div>\n\t\t<\/div>\n\t\t\t\t\t<\/div>\n\t\t<\/section>\n\t\t\t\t<\/div>\n\t\t","protected":false},"excerpt":{"rendered":"<p>El lunes 28 de noviembre de 2022, Sites &amp; Cit\u00e9s organiz\u00f3 una reuni\u00f3n para presentar las pol\u00edticas patrimoniales aplicadas en los centros hist\u00f3ricos de los cuatro pa\u00edses. En esta reuni\u00f3n contamos con la participaci\u00f3n de un especialista de cada pa\u00eds miembro del proyecto: Rosana CALDER\u00d3N, Subdirectora de Proyectos Especiales, Departamento de Patrimonio Mundial, INAH &#8211; [&hellip;]<\/p>\n","protected":false},"author":3,"featured_media":1602,"comment_status":"open","ping_status":"open","sticky":false,"template":"","format":"standard","meta":{"_acf_changed":false,"_bbp_topic_count":0,"_bbp_reply_count":0,"_bbp_total_topic_count":0,"_bbp_total_reply_count":0,"_bbp_voice_count":0,"_bbp_anonymous_reply_count":0,"_bbp_topic_count_hidden":0,"_bbp_reply_count_hidden":0,"_bbp_forum_subforum_count":0,"footnotes":""},"categories":[46],"tags":[],"class_list":["post-1880","post","type-post","status-publish","format-standard","has-post-thumbnail","hentry","category-acciones-pasadas"],"acf":[],"yoast_head":"<!-- This site is optimized with the Yoast SEO plugin v27.5 - https:\/\/yoast.com\/product\/yoast-seo-wordpress\/ -->\n<title>REUNI\u00d3N EN LINEA \/ PRESENTACI\u00d3N DE LAS POL\u00cdTICAS PATRIMONIALES - 28 de noviembre de 2022 - Sites &amp; Cit\u00e9s International<\/title>\n<meta name=\"robots\" content=\"index, follow, max-snippet:-1, max-image-preview:large, max-video-preview:-1\" \/>\n<link rel=\"canonical\" href=\"https:\/\/international.sites-cites.fr\/es\/reunion-en-linea-presentacion-de-las-politicas-patrimoniales-28-de-noviembre-de-2022\/\" \/>\n<meta property=\"og:locale\" content=\"es_ES\" \/>\n<meta property=\"og:type\" content=\"article\" \/>\n<meta property=\"og:title\" content=\"REUNI\u00d3N EN LINEA \/ PRESENTACI\u00d3N DE LAS POL\u00cdTICAS PATRIMONIALES - 28 de noviembre de 2022 - Sites &amp; Cit\u00e9s International\" \/>\n<meta property=\"og:description\" content=\"El lunes 28 de noviembre de 2022, Sites &amp; Cit\u00e9s organiz\u00f3 una reuni\u00f3n para presentar las pol\u00edticas patrimoniales aplicadas en los centros hist\u00f3ricos de los cuatro pa\u00edses. En esta reuni\u00f3n contamos con la participaci\u00f3n de un especialista de cada pa\u00eds miembro del proyecto: Rosana CALDER\u00d3N, Subdirectora de Proyectos Especiales, Departamento de Patrimonio Mundial, INAH &#8211; [&hellip;]\" \/>\n<meta property=\"og:url\" content=\"https:\/\/international.sites-cites.fr\/es\/reunion-en-linea-presentacion-de-las-politicas-patrimoniales-28-de-noviembre-de-2022\/\" \/>\n<meta property=\"og:site_name\" content=\"Sites &amp; Cit\u00e9s International\" \/>\n<meta property=\"article:published_time\" content=\"2022-11-28T09:30:42+00:00\" \/>\n<meta property=\"article:modified_time\" content=\"2024-02-02T13:58:28+00:00\" \/>\n<meta property=\"og:image\" content=\"https:\/\/international.sites-cites.fr\/wp-content\/uploads\/2023\/06\/LOGO-PROGRAMME-INTERNATIONAL-francais-png.png\" \/>\n\t<meta property=\"og:image:width\" content=\"2754\" \/>\n\t<meta property=\"og:image:height\" content=\"1139\" \/>\n\t<meta property=\"og:image:type\" content=\"image\/png\" \/>\n<meta name=\"author\" content=\"Sites &amp; Cit\u00e9s\" \/>\n<meta name=\"twitter:card\" content=\"summary_large_image\" \/>\n<meta name=\"twitter:label1\" content=\"Escrito por\" \/>\n\t<meta name=\"twitter:data1\" content=\"Sites &amp; Cit\u00e9s\" \/>\n\t<meta name=\"twitter:label2\" content=\"Tiempo de lectura\" \/>\n\t<meta name=\"twitter:data2\" content=\"1 minuto\" \/>\n<script type=\"application\/ld+json\" class=\"yoast-schema-graph\">{\"@context\":\"https:\\\/\\\/schema.org\",\"@graph\":[{\"@type\":\"Article\",\"@id\":\"https:\\\/\\\/international.sites-cites.fr\\\/es\\\/reunion-en-linea-presentacion-de-las-politicas-patrimoniales-28-de-noviembre-de-2022\\\/#article\",\"isPartOf\":{\"@id\":\"https:\\\/\\\/international.sites-cites.fr\\\/es\\\/reunion-en-linea-presentacion-de-las-politicas-patrimoniales-28-de-noviembre-de-2022\\\/\"},\"author\":{\"name\":\"Sites &amp; Cit\u00e9s\",\"@id\":\"https:\\\/\\\/international.sites-cites.fr\\\/es\\\/#\\\/schema\\\/person\\\/ed564f2d88350a097a740a91261d1ac2\"},\"headline\":\"REUNI\u00d3N EN LINEA \\\/ PRESENTACI\u00d3N DE LAS POL\u00cdTICAS PATRIMONIALES &#8211; 28 de noviembre de 2022\",\"datePublished\":\"2022-11-28T09:30:42+00:00\",\"dateModified\":\"2024-02-02T13:58:28+00:00\",\"mainEntityOfPage\":{\"@id\":\"https:\\\/\\\/international.sites-cites.fr\\\/es\\\/reunion-en-linea-presentacion-de-las-politicas-patrimoniales-28-de-noviembre-de-2022\\\/\"},\"wordCount\":172,\"commentCount\":0,\"publisher\":{\"@id\":\"https:\\\/\\\/international.sites-cites.fr\\\/es\\\/#organization\"},\"image\":{\"@id\":\"https:\\\/\\\/international.sites-cites.fr\\\/es\\\/reunion-en-linea-presentacion-de-las-politicas-patrimoniales-28-de-noviembre-de-2022\\\/#primaryimage\"},\"thumbnailUrl\":\"https:\\\/\\\/international.sites-cites.fr\\\/wp-content\\\/uploads\\\/2023\\\/06\\\/LOGO-PROGRAMME-INTERNATIONAL-francais-png.png\",\"articleSection\":[\"Acciones pasadas\"],\"inLanguage\":\"es\",\"potentialAction\":[{\"@type\":\"CommentAction\",\"name\":\"Comment\",\"target\":[\"https:\\\/\\\/international.sites-cites.fr\\\/es\\\/reunion-en-linea-presentacion-de-las-politicas-patrimoniales-28-de-noviembre-de-2022\\\/#respond\"]}]},{\"@type\":\"WebPage\",\"@id\":\"https:\\\/\\\/international.sites-cites.fr\\\/es\\\/reunion-en-linea-presentacion-de-las-politicas-patrimoniales-28-de-noviembre-de-2022\\\/\",\"url\":\"https:\\\/\\\/international.sites-cites.fr\\\/es\\\/reunion-en-linea-presentacion-de-las-politicas-patrimoniales-28-de-noviembre-de-2022\\\/\",\"name\":\"REUNI\u00d3N EN LINEA \\\/ PRESENTACI\u00d3N DE LAS POL\u00cdTICAS PATRIMONIALES - 28 de noviembre de 2022 - Sites &amp; Cit\u00e9s International\",\"isPartOf\":{\"@id\":\"https:\\\/\\\/international.sites-cites.fr\\\/es\\\/#website\"},\"primaryImageOfPage\":{\"@id\":\"https:\\\/\\\/international.sites-cites.fr\\\/es\\\/reunion-en-linea-presentacion-de-las-politicas-patrimoniales-28-de-noviembre-de-2022\\\/#primaryimage\"},\"image\":{\"@id\":\"https:\\\/\\\/international.sites-cites.fr\\\/es\\\/reunion-en-linea-presentacion-de-las-politicas-patrimoniales-28-de-noviembre-de-2022\\\/#primaryimage\"},\"thumbnailUrl\":\"https:\\\/\\\/international.sites-cites.fr\\\/wp-content\\\/uploads\\\/2023\\\/06\\\/LOGO-PROGRAMME-INTERNATIONAL-francais-png.png\",\"datePublished\":\"2022-11-28T09:30:42+00:00\",\"dateModified\":\"2024-02-02T13:58:28+00:00\",\"breadcrumb\":{\"@id\":\"https:\\\/\\\/international.sites-cites.fr\\\/es\\\/reunion-en-linea-presentacion-de-las-politicas-patrimoniales-28-de-noviembre-de-2022\\\/#breadcrumb\"},\"inLanguage\":\"es\",\"potentialAction\":[{\"@type\":\"ReadAction\",\"target\":[\"https:\\\/\\\/international.sites-cites.fr\\\/es\\\/reunion-en-linea-presentacion-de-las-politicas-patrimoniales-28-de-noviembre-de-2022\\\/\"]}]},{\"@type\":\"ImageObject\",\"inLanguage\":\"es\",\"@id\":\"https:\\\/\\\/international.sites-cites.fr\\\/es\\\/reunion-en-linea-presentacion-de-las-politicas-patrimoniales-28-de-noviembre-de-2022\\\/#primaryimage\",\"url\":\"https:\\\/\\\/international.sites-cites.fr\\\/wp-content\\\/uploads\\\/2023\\\/06\\\/LOGO-PROGRAMME-INTERNATIONAL-francais-png.png\",\"contentUrl\":\"https:\\\/\\\/international.sites-cites.fr\\\/wp-content\\\/uploads\\\/2023\\\/06\\\/LOGO-PROGRAMME-INTERNATIONAL-francais-png.png\",\"width\":2754,\"height\":1139},{\"@type\":\"BreadcrumbList\",\"@id\":\"https:\\\/\\\/international.sites-cites.fr\\\/es\\\/reunion-en-linea-presentacion-de-las-politicas-patrimoniales-28-de-noviembre-de-2022\\\/#breadcrumb\",\"itemListElement\":[{\"@type\":\"ListItem\",\"position\":1,\"name\":\"Accueil\",\"item\":\"https:\\\/\\\/international.sites-cites.fr\\\/es\\\/\"},{\"@type\":\"ListItem\",\"position\":2,\"name\":\"REUNI\u00d3N EN LINEA \\\/ PRESENTACI\u00d3N DE LAS POL\u00cdTICAS PATRIMONIALES &#8211; 28 de noviembre de 2022\"}]},{\"@type\":\"WebSite\",\"@id\":\"https:\\\/\\\/international.sites-cites.fr\\\/es\\\/#website\",\"url\":\"https:\\\/\\\/international.sites-cites.fr\\\/es\\\/\",\"name\":\"Sites & Cit\u00e9s International\",\"description\":\"\",\"publisher\":{\"@id\":\"https:\\\/\\\/international.sites-cites.fr\\\/es\\\/#organization\"},\"potentialAction\":[{\"@type\":\"SearchAction\",\"target\":{\"@type\":\"EntryPoint\",\"urlTemplate\":\"https:\\\/\\\/international.sites-cites.fr\\\/es\\\/?s={search_term_string}\"},\"query-input\":{\"@type\":\"PropertyValueSpecification\",\"valueRequired\":true,\"valueName\":\"search_term_string\"}}],\"inLanguage\":\"es\"},{\"@type\":\"Organization\",\"@id\":\"https:\\\/\\\/international.sites-cites.fr\\\/es\\\/#organization\",\"name\":\"Sites & Cit\u00e9s International\",\"url\":\"https:\\\/\\\/international.sites-cites.fr\\\/es\\\/\",\"logo\":{\"@type\":\"ImageObject\",\"inLanguage\":\"es\",\"@id\":\"https:\\\/\\\/international.sites-cites.fr\\\/es\\\/#\\\/schema\\\/logo\\\/image\\\/\",\"url\":\"https:\\\/\\\/international.sites-cites.fr\\\/wp-content\\\/uploads\\\/2023\\\/01\\\/cropped-logo-01.png\",\"contentUrl\":\"https:\\\/\\\/international.sites-cites.fr\\\/wp-content\\\/uploads\\\/2023\\\/01\\\/cropped-logo-01.png\",\"width\":1378,\"height\":1015,\"caption\":\"Sites & Cit\u00e9s International\"},\"image\":{\"@id\":\"https:\\\/\\\/international.sites-cites.fr\\\/es\\\/#\\\/schema\\\/logo\\\/image\\\/\"}},{\"@type\":\"Person\",\"@id\":\"https:\\\/\\\/international.sites-cites.fr\\\/es\\\/#\\\/schema\\\/person\\\/ed564f2d88350a097a740a91261d1ac2\",\"name\":\"Sites &amp; Cit\u00e9s\",\"image\":{\"@type\":\"ImageObject\",\"inLanguage\":\"es\",\"@id\":\"https:\\\/\\\/secure.gravatar.com\\\/avatar\\\/eee5f372a425f83e1bc28203a4022cf527db8b280da8a9bb3364d0ed0f195782?s=96&d=mm&r=g\",\"url\":\"https:\\\/\\\/secure.gravatar.com\\\/avatar\\\/eee5f372a425f83e1bc28203a4022cf527db8b280da8a9bb3364d0ed0f195782?s=96&d=mm&r=g\",\"contentUrl\":\"https:\\\/\\\/secure.gravatar.com\\\/avatar\\\/eee5f372a425f83e1bc28203a4022cf527db8b280da8a9bb3364d0ed0f195782?s=96&d=mm&r=g\",\"caption\":\"Sites &amp; Cit\u00e9s\"}}]}<\/script>\n<!-- \/ Yoast SEO plugin. -->","yoast_head_json":{"title":"REUNI\u00d3N EN LINEA \/ PRESENTACI\u00d3N DE LAS POL\u00cdTICAS PATRIMONIALES - 28 de noviembre de 2022 - Sites &amp; Cit\u00e9s International","robots":{"index":"index","follow":"follow","max-snippet":"max-snippet:-1","max-image-preview":"max-image-preview:large","max-video-preview":"max-video-preview:-1"},"canonical":"https:\/\/international.sites-cites.fr\/es\/reunion-en-linea-presentacion-de-las-politicas-patrimoniales-28-de-noviembre-de-2022\/","og_locale":"es_ES","og_type":"article","og_title":"REUNI\u00d3N EN LINEA \/ PRESENTACI\u00d3N DE LAS POL\u00cdTICAS PATRIMONIALES - 28 de noviembre de 2022 - Sites &amp; Cit\u00e9s International","og_description":"El lunes 28 de noviembre de 2022, Sites &amp; Cit\u00e9s organiz\u00f3 una reuni\u00f3n para presentar las pol\u00edticas patrimoniales aplicadas en los centros hist\u00f3ricos de los cuatro pa\u00edses. En esta reuni\u00f3n contamos con la participaci\u00f3n de un especialista de cada pa\u00eds miembro del proyecto: Rosana CALDER\u00d3N, Subdirectora de Proyectos Especiales, Departamento de Patrimonio Mundial, INAH &#8211; [&hellip;]","og_url":"https:\/\/international.sites-cites.fr\/es\/reunion-en-linea-presentacion-de-las-politicas-patrimoniales-28-de-noviembre-de-2022\/","og_site_name":"Sites &amp; Cit\u00e9s International","article_published_time":"2022-11-28T09:30:42+00:00","article_modified_time":"2024-02-02T13:58:28+00:00","og_image":[{"width":2754,"height":1139,"url":"https:\/\/international.sites-cites.fr\/wp-content\/uploads\/2023\/06\/LOGO-PROGRAMME-INTERNATIONAL-francais-png.png","type":"image\/png"}],"author":"Sites &amp; Cit\u00e9s","twitter_card":"summary_large_image","twitter_misc":{"Escrito por":"Sites &amp; Cit\u00e9s","Tiempo de lectura":"1 minuto"},"schema":{"@context":"https:\/\/schema.org","@graph":[{"@type":"Article","@id":"https:\/\/international.sites-cites.fr\/es\/reunion-en-linea-presentacion-de-las-politicas-patrimoniales-28-de-noviembre-de-2022\/#article","isPartOf":{"@id":"https:\/\/international.sites-cites.fr\/es\/reunion-en-linea-presentacion-de-las-politicas-patrimoniales-28-de-noviembre-de-2022\/"},"author":{"name":"Sites &amp; Cit\u00e9s","@id":"https:\/\/international.sites-cites.fr\/es\/#\/schema\/person\/ed564f2d88350a097a740a91261d1ac2"},"headline":"REUNI\u00d3N EN LINEA \/ PRESENTACI\u00d3N DE LAS POL\u00cdTICAS PATRIMONIALES &#8211; 28 de noviembre de 2022","datePublished":"2022-11-28T09:30:42+00:00","dateModified":"2024-02-02T13:58:28+00:00","mainEntityOfPage":{"@id":"https:\/\/international.sites-cites.fr\/es\/reunion-en-linea-presentacion-de-las-politicas-patrimoniales-28-de-noviembre-de-2022\/"},"wordCount":172,"commentCount":0,"publisher":{"@id":"https:\/\/international.sites-cites.fr\/es\/#organization"},"image":{"@id":"https:\/\/international.sites-cites.fr\/es\/reunion-en-linea-presentacion-de-las-politicas-patrimoniales-28-de-noviembre-de-2022\/#primaryimage"},"thumbnailUrl":"https:\/\/international.sites-cites.fr\/wp-content\/uploads\/2023\/06\/LOGO-PROGRAMME-INTERNATIONAL-francais-png.png","articleSection":["Acciones pasadas"],"inLanguage":"es","potentialAction":[{"@type":"CommentAction","name":"Comment","target":["https:\/\/international.sites-cites.fr\/es\/reunion-en-linea-presentacion-de-las-politicas-patrimoniales-28-de-noviembre-de-2022\/#respond"]}]},{"@type":"WebPage","@id":"https:\/\/international.sites-cites.fr\/es\/reunion-en-linea-presentacion-de-las-politicas-patrimoniales-28-de-noviembre-de-2022\/","url":"https:\/\/international.sites-cites.fr\/es\/reunion-en-linea-presentacion-de-las-politicas-patrimoniales-28-de-noviembre-de-2022\/","name":"REUNI\u00d3N EN LINEA \/ PRESENTACI\u00d3N DE LAS POL\u00cdTICAS PATRIMONIALES - 28 de noviembre de 2022 - Sites &amp; Cit\u00e9s International","isPartOf":{"@id":"https:\/\/international.sites-cites.fr\/es\/#website"},"primaryImageOfPage":{"@id":"https:\/\/international.sites-cites.fr\/es\/reunion-en-linea-presentacion-de-las-politicas-patrimoniales-28-de-noviembre-de-2022\/#primaryimage"},"image":{"@id":"https:\/\/international.sites-cites.fr\/es\/reunion-en-linea-presentacion-de-las-politicas-patrimoniales-28-de-noviembre-de-2022\/#primaryimage"},"thumbnailUrl":"https:\/\/international.sites-cites.fr\/wp-content\/uploads\/2023\/06\/LOGO-PROGRAMME-INTERNATIONAL-francais-png.png","datePublished":"2022-11-28T09:30:42+00:00","dateModified":"2024-02-02T13:58:28+00:00","breadcrumb":{"@id":"https:\/\/international.sites-cites.fr\/es\/reunion-en-linea-presentacion-de-las-politicas-patrimoniales-28-de-noviembre-de-2022\/#breadcrumb"},"inLanguage":"es","potentialAction":[{"@type":"ReadAction","target":["https:\/\/international.sites-cites.fr\/es\/reunion-en-linea-presentacion-de-las-politicas-patrimoniales-28-de-noviembre-de-2022\/"]}]},{"@type":"ImageObject","inLanguage":"es","@id":"https:\/\/international.sites-cites.fr\/es\/reunion-en-linea-presentacion-de-las-politicas-patrimoniales-28-de-noviembre-de-2022\/#primaryimage","url":"https:\/\/international.sites-cites.fr\/wp-content\/uploads\/2023\/06\/LOGO-PROGRAMME-INTERNATIONAL-francais-png.png","contentUrl":"https:\/\/international.sites-cites.fr\/wp-content\/uploads\/2023\/06\/LOGO-PROGRAMME-INTERNATIONAL-francais-png.png","width":2754,"height":1139},{"@type":"BreadcrumbList","@id":"https:\/\/international.sites-cites.fr\/es\/reunion-en-linea-presentacion-de-las-politicas-patrimoniales-28-de-noviembre-de-2022\/#breadcrumb","itemListElement":[{"@type":"ListItem","position":1,"name":"Accueil","item":"https:\/\/international.sites-cites.fr\/es\/"},{"@type":"ListItem","position":2,"name":"REUNI\u00d3N EN LINEA \/ PRESENTACI\u00d3N DE LAS POL\u00cdTICAS PATRIMONIALES &#8211; 28 de noviembre de 2022"}]},{"@type":"WebSite","@id":"https:\/\/international.sites-cites.fr\/es\/#website","url":"https:\/\/international.sites-cites.fr\/es\/","name":"Sites & Cit\u00e9s International","description":"","publisher":{"@id":"https:\/\/international.sites-cites.fr\/es\/#organization"},"potentialAction":[{"@type":"SearchAction","target":{"@type":"EntryPoint","urlTemplate":"https:\/\/international.sites-cites.fr\/es\/?s={search_term_string}"},"query-input":{"@type":"PropertyValueSpecification","valueRequired":true,"valueName":"search_term_string"}}],"inLanguage":"es"},{"@type":"Organization","@id":"https:\/\/international.sites-cites.fr\/es\/#organization","name":"Sites & Cit\u00e9s International","url":"https:\/\/international.sites-cites.fr\/es\/","logo":{"@type":"ImageObject","inLanguage":"es","@id":"https:\/\/international.sites-cites.fr\/es\/#\/schema\/logo\/image\/","url":"https:\/\/international.sites-cites.fr\/wp-content\/uploads\/2023\/01\/cropped-logo-01.png","contentUrl":"https:\/\/international.sites-cites.fr\/wp-content\/uploads\/2023\/01\/cropped-logo-01.png","width":1378,"height":1015,"caption":"Sites & Cit\u00e9s International"},"image":{"@id":"https:\/\/international.sites-cites.fr\/es\/#\/schema\/logo\/image\/"}},{"@type":"Person","@id":"https:\/\/international.sites-cites.fr\/es\/#\/schema\/person\/ed564f2d88350a097a740a91261d1ac2","name":"Sites &amp; Cit\u00e9s","image":{"@type":"ImageObject","inLanguage":"es","@id":"https:\/\/secure.gravatar.com\/avatar\/eee5f372a425f83e1bc28203a4022cf527db8b280da8a9bb3364d0ed0f195782?s=96&d=mm&r=g","url":"https:\/\/secure.gravatar.com\/avatar\/eee5f372a425f83e1bc28203a4022cf527db8b280da8a9bb3364d0ed0f195782?s=96&d=mm&r=g","contentUrl":"https:\/\/secure.gravatar.com\/avatar\/eee5f372a425f83e1bc28203a4022cf527db8b280da8a9bb3364d0ed0f195782?s=96&d=mm&r=g","caption":"Sites &amp; Cit\u00e9s"}}]}},"_links":{"self":[{"href":"https:\/\/international.sites-cites.fr\/es\/wp-json\/wp\/v2\/posts\/1880","targetHints":{"allow":["GET"]}}],"collection":[{"href":"https:\/\/international.sites-cites.fr\/es\/wp-json\/wp\/v2\/posts"}],"about":[{"href":"https:\/\/international.sites-cites.fr\/es\/wp-json\/wp\/v2\/types\/post"}],"author":[{"embeddable":true,"href":"https:\/\/international.sites-cites.fr\/es\/wp-json\/wp\/v2\/users\/3"}],"replies":[{"embeddable":true,"href":"https:\/\/international.sites-cites.fr\/es\/wp-json\/wp\/v2\/comments?post=1880"}],"version-history":[{"count":4,"href":"https:\/\/international.sites-cites.fr\/es\/wp-json\/wp\/v2\/posts\/1880\/revisions"}],"predecessor-version":[{"id":6999,"href":"https:\/\/international.sites-cites.fr\/es\/wp-json\/wp\/v2\/posts\/1880\/revisions\/6999"}],"wp:featuredmedia":[{"embeddable":true,"href":"https:\/\/international.sites-cites.fr\/es\/wp-json\/wp\/v2\/media\/1602"}],"wp:attachment":[{"href":"https:\/\/international.sites-cites.fr\/es\/wp-json\/wp\/v2\/media?parent=1880"}],"wp:term":[{"taxonomy":"category","embeddable":true,"href":"https:\/\/international.sites-cites.fr\/es\/wp-json\/wp\/v2\/categories?post=1880"},{"taxonomy":"post_tag","embeddable":true,"href":"https:\/\/international.sites-cites.fr\/es\/wp-json\/wp\/v2\/tags?post=1880"}],"curies":[{"name":"wp","href":"https:\/\/api.w.org\/{rel}","templated":true}]}}