{"id":6922,"date":"2023-04-18T09:14:47","date_gmt":"2023-04-18T09:14:47","guid":{"rendered":"https:\/\/international.sites-cites.fr\/mision-ecuador-y-colombia-18-24-de-abril-de-2023\/"},"modified":"2025-04-04T14:28:07","modified_gmt":"2025-04-04T14:28:07","slug":"mision-ecuador-y-colombia-18-24-de-abril-de-2023","status":"publish","type":"post","link":"https:\/\/international.sites-cites.fr\/es\/mision-ecuador-y-colombia-18-24-de-abril-de-2023\/","title":{"rendered":"MISI\u00d3N ECUADOR Y COLOMBIA &#8211; 18-24 de abril de 2023"},"content":{"rendered":"\t\t<div data-elementor-type=\"wp-post\" data-elementor-id=\"6922\" class=\"elementor elementor-6922 elementor-2981\" data-elementor-post-type=\"post\">\n\t\t\t\t\t\t<section class=\"elementor-section elementor-top-section elementor-element elementor-element-42fa0f85 elementor-section-boxed elementor-section-height-default elementor-section-height-default\" data-id=\"42fa0f85\" data-element_type=\"section\" data-e-type=\"section\">\n\t\t\t\t\t\t<div class=\"elementor-container elementor-column-gap-default\">\n\t\t\t\t\t<div class=\"elementor-column elementor-col-100 elementor-top-column elementor-element elementor-element-51f3019a\" data-id=\"51f3019a\" data-element_type=\"column\" data-e-type=\"column\">\n\t\t\t<div class=\"elementor-widget-wrap elementor-element-populated\">\n\t\t\t\t\t\t<div class=\"elementor-element elementor-element-78758eff elementor-widget elementor-widget-text-editor\" data-id=\"78758eff\" data-element_type=\"widget\" data-e-type=\"widget\" data-widget_type=\"text-editor.default\">\n\t\t\t\t<div class=\"elementor-widget-container\">\n\t\t\t\t\t\t\t\t\t<p>Sites &amp; Cit\u00e9s remarquables de France organiz\u00f3 una Misi\u00f3n Ecuador &#8211; Colombia.<\/p>\n<p><span style=\"color: var( --e-global-color-7d49f23 ); font-family: var( --e-global-typography-text-font-family ), Sans-serif; font-size: var( --e-global-typography-text-font-size ); font-style: var( --e-global-typography-text-font-style ); font-weight: var( --e-global-typography-text-font-weight ); letter-spacing: var( --e-global-typography-text-letter-spacing ); text-transform: var( --e-global-typography-text-text-transform ); background-color: var( --e-global-color-00d87a6 );\">La delegaci\u00f3n francesa estuvo compuesta por el equipo de Sites &amp; Cit\u00e9s, Anne-Laure MONIOT, responsable del proyecto en Burdeos M\u00e9tropole, Richard TYLINSKI, concejal de Draguignan, y B\u00e9atrice LEFEL y Steve JULLIEN, concejales de Elbeuf-sur-Seine.<\/span><\/p>\n<p>La delegaci\u00f3n visit\u00f3 Cartagena, Villa de Leyva, Paipa y Sogamoso, en Colombia, y Quito, en Ecuador. En cada una de estas ciudades se organizaron talleres sobre patrimonio y turismo.<\/p>\n<p>El viaje brind\u00f3 la oportunidad de celebrar reuniones e intercambios entre los distintos representantes de las ciudades francesas y los socios de las ciudades miembros del proyecto en Colombia y Ecuador.<\/p>\n<p>Estos enlaces permitir\u00e1n seguir la evoluci\u00f3n de los proyectos piloto que se pondr\u00e1n en marcha con cada una de las ciudades asociadas al proyecto en los pr\u00f3ximos dos a\u00f1os.<\/p>\n<p><span style=\"text-decoration: underline;\">En el programa:<\/span> visitas sobre el terreno para comprender y analizar los problemas de cada ciudad y talleres sobre los temas de los proyectos piloto:<\/p>\n<ul>\n<li>Sensibilizaci\u00f3n sobre el patrimonio<\/li>\n<li>Revitalizar los centros hist\u00f3ricos<\/li>\n<li>Valorizaci\u00f3n digital del patrimonio<\/li>\n<li>Promoci\u00f3n de la artesan\u00eda, la gastronom\u00eda y los productores<\/li>\n<li>Estrategias de promoci\u00f3n de los destinos patrimoniales<\/li>\n<li>Desarrollar un turismo inclusivo y sostenible.<\/li>\n<\/ul>\n<div> <\/div>\n\t\t\t\t\t\t\t\t<\/div>\n\t\t\t\t<\/div>\n\t\t\t\t<div class=\"elementor-element elementor-element-e3dc300 elementor-widget elementor-widget-gallery\" data-id=\"e3dc300\" data-element_type=\"widget\" data-e-type=\"widget\" data-settings=\"{&quot;gallery_layout&quot;:&quot;justified&quot;,&quot;lazyload&quot;:&quot;yes&quot;,&quot;ideal_row_height&quot;:{&quot;unit&quot;:&quot;px&quot;,&quot;size&quot;:200,&quot;sizes&quot;:[]},&quot;ideal_row_height_tablet&quot;:{&quot;unit&quot;:&quot;px&quot;,&quot;size&quot;:150,&quot;sizes&quot;:[]},&quot;ideal_row_height_mobile&quot;:{&quot;unit&quot;:&quot;px&quot;,&quot;size&quot;:150,&quot;sizes&quot;:[]},&quot;gap&quot;:{&quot;unit&quot;:&quot;px&quot;,&quot;size&quot;:10,&quot;sizes&quot;:[]},&quot;gap_tablet&quot;:{&quot;unit&quot;:&quot;px&quot;,&quot;size&quot;:10,&quot;sizes&quot;:[]},&quot;gap_mobile&quot;:{&quot;unit&quot;:&quot;px&quot;,&quot;size&quot;:10,&quot;sizes&quot;:[]},&quot;link_to&quot;:&quot;file&quot;,&quot;overlay_background&quot;:&quot;yes&quot;,&quot;content_hover_animation&quot;:&quot;fade-in&quot;}\" data-widget_type=\"gallery.default\">\n\t\t\t\t<div class=\"elementor-widget-container\">\n\t\t\t\t\t\t\t<div class=\"elementor-gallery__container\">\n\t\t\t\t\t\t\t<a class=\"e-gallery-item elementor-gallery-item elementor-animated-content\" href=\"https:\/\/international.sites-cites.fr\/wp-content\/uploads\/2023\/09\/WhatsApp-Image-2023-09-22-at-11.24.18-1.jpeg\" data-elementor-open-lightbox=\"yes\" data-elementor-lightbox-slideshow=\"e3dc300\" data-elementor-lightbox-title=\"WhatsApp Image 2023-09-22 at 11.24.18 (1)\" data-e-action-hash=\"#elementor-action%3Aaction%3Dlightbox%26settings%3DeyJpZCI6MzAyMywidXJsIjoiaHR0cHM6XC9cL2ludGVybmF0aW9uYWwuc2l0ZXMtY2l0ZXMuZnJcL3dwLWNvbnRlbnRcL3VwbG9hZHNcLzIwMjNcLzA5XC9XaGF0c0FwcC1JbWFnZS0yMDIzLTA5LTIyLWF0LTExLjI0LjE4LTEuanBlZyIsInNsaWRlc2hvdyI6ImUzZGMzMDAifQ%3D%3D\">\n\t\t\t\t\t<div class=\"e-gallery-image elementor-gallery-item__image\" data-thumbnail=\"https:\/\/international.sites-cites.fr\/wp-content\/uploads\/2023\/09\/WhatsApp-Image-2023-09-22-at-11.24.18-1.jpeg\" data-width=\"1280\" data-height=\"960\" aria-label=\"\" role=\"img\" ><\/div>\n\t\t\t\t\t\t\t\t\t\t\t<div class=\"elementor-gallery-item__overlay\"><\/div>\n\t\t\t\t\t\t\t\t\t\t\t\t\t\t<\/a>\n\t\t\t\t\t\t\t<a class=\"e-gallery-item elementor-gallery-item elementor-animated-content\" href=\"https:\/\/international.sites-cites.fr\/wp-content\/uploads\/2023\/09\/WhatsApp-Image-2023-09-22-at-11.24.18.jpeg\" data-elementor-open-lightbox=\"yes\" data-elementor-lightbox-slideshow=\"e3dc300\" data-elementor-lightbox-title=\"WhatsApp Image 2023-09-22 at 11.24.18\" data-e-action-hash=\"#elementor-action%3Aaction%3Dlightbox%26settings%3DeyJpZCI6MzAyNiwidXJsIjoiaHR0cHM6XC9cL2ludGVybmF0aW9uYWwuc2l0ZXMtY2l0ZXMuZnJcL3dwLWNvbnRlbnRcL3VwbG9hZHNcLzIwMjNcLzA5XC9XaGF0c0FwcC1JbWFnZS0yMDIzLTA5LTIyLWF0LTExLjI0LjE4LmpwZWciLCJzbGlkZXNob3ciOiJlM2RjMzAwIn0%3D\">\n\t\t\t\t\t<div class=\"e-gallery-image elementor-gallery-item__image\" data-thumbnail=\"https:\/\/international.sites-cites.fr\/wp-content\/uploads\/2023\/09\/WhatsApp-Image-2023-09-22-at-11.24.18.jpeg\" data-width=\"1600\" data-height=\"1200\" aria-label=\"\" role=\"img\" ><\/div>\n\t\t\t\t\t\t\t\t\t\t\t<div class=\"elementor-gallery-item__overlay\"><\/div>\n\t\t\t\t\t\t\t\t\t\t\t\t\t\t<\/a>\n\t\t\t\t\t\t\t<a class=\"e-gallery-item elementor-gallery-item elementor-animated-content\" href=\"https:\/\/international.sites-cites.fr\/wp-content\/uploads\/2023\/09\/20230419_182322-scaled.jpg\" data-elementor-open-lightbox=\"yes\" data-elementor-lightbox-slideshow=\"e3dc300\" data-elementor-lightbox-title=\"20230419_182322\" data-e-action-hash=\"#elementor-action%3Aaction%3Dlightbox%26settings%3DeyJpZCI6Mjk3MiwidXJsIjoiaHR0cHM6XC9cL2ludGVybmF0aW9uYWwuc2l0ZXMtY2l0ZXMuZnJcL3dwLWNvbnRlbnRcL3VwbG9hZHNcLzIwMjNcLzA5XC8yMDIzMDQxOV8xODIzMjItc2NhbGVkLmpwZyIsInNsaWRlc2hvdyI6ImUzZGMzMDAifQ%3D%3D\">\n\t\t\t\t\t<div class=\"e-gallery-image elementor-gallery-item__image\" data-thumbnail=\"https:\/\/international.sites-cites.fr\/wp-content\/uploads\/2023\/09\/20230419_182322-scaled.jpg\" data-width=\"2560\" data-height=\"1154\" aria-label=\"\" role=\"img\" ><\/div>\n\t\t\t\t\t\t\t\t\t\t\t<div class=\"elementor-gallery-item__overlay\"><\/div>\n\t\t\t\t\t\t\t\t\t\t\t\t\t\t<\/a>\n\t\t\t\t\t\t\t<a class=\"e-gallery-item elementor-gallery-item elementor-animated-content\" href=\"https:\/\/international.sites-cites.fr\/wp-content\/uploads\/2023\/09\/20230419_171720-scaled.jpg\" data-elementor-open-lightbox=\"yes\" data-elementor-lightbox-slideshow=\"e3dc300\" data-elementor-lightbox-title=\"20230419_171720\" data-e-action-hash=\"#elementor-action%3Aaction%3Dlightbox%26settings%3DeyJpZCI6Mjk3NSwidXJsIjoiaHR0cHM6XC9cL2ludGVybmF0aW9uYWwuc2l0ZXMtY2l0ZXMuZnJcL3dwLWNvbnRlbnRcL3VwbG9hZHNcLzIwMjNcLzA5XC8yMDIzMDQxOV8xNzE3MjAtc2NhbGVkLmpwZyIsInNsaWRlc2hvdyI6ImUzZGMzMDAifQ%3D%3D\">\n\t\t\t\t\t<div class=\"e-gallery-image elementor-gallery-item__image\" data-thumbnail=\"https:\/\/international.sites-cites.fr\/wp-content\/uploads\/2023\/09\/20230419_171720-scaled.jpg\" data-width=\"2560\" data-height=\"1152\" aria-label=\"\" role=\"img\" ><\/div>\n\t\t\t\t\t\t\t\t\t\t\t<div class=\"elementor-gallery-item__overlay\"><\/div>\n\t\t\t\t\t\t\t\t\t\t\t\t\t\t<\/a>\n\t\t\t\t\t\t\t<a class=\"e-gallery-item elementor-gallery-item elementor-animated-content\" href=\"https:\/\/international.sites-cites.fr\/wp-content\/uploads\/2023\/09\/20230421_112007-scaled.jpg\" data-elementor-open-lightbox=\"yes\" data-elementor-lightbox-slideshow=\"e3dc300\" data-elementor-lightbox-title=\"20230421_112007\" data-e-action-hash=\"#elementor-action%3Aaction%3Dlightbox%26settings%3DeyJpZCI6Mjk2NiwidXJsIjoiaHR0cHM6XC9cL2ludGVybmF0aW9uYWwuc2l0ZXMtY2l0ZXMuZnJcL3dwLWNvbnRlbnRcL3VwbG9hZHNcLzIwMjNcLzA5XC8yMDIzMDQyMV8xMTIwMDctc2NhbGVkLmpwZyIsInNsaWRlc2hvdyI6ImUzZGMzMDAifQ%3D%3D\">\n\t\t\t\t\t<div class=\"e-gallery-image elementor-gallery-item__image\" data-thumbnail=\"https:\/\/international.sites-cites.fr\/wp-content\/uploads\/2023\/09\/20230421_112007-scaled.jpg\" data-width=\"2560\" data-height=\"1152\" aria-label=\"\" role=\"img\" ><\/div>\n\t\t\t\t\t\t\t\t\t\t\t<div class=\"elementor-gallery-item__overlay\"><\/div>\n\t\t\t\t\t\t\t\t\t\t\t\t\t\t<\/a>\n\t\t\t\t\t\t\t<a class=\"e-gallery-item elementor-gallery-item elementor-animated-content\" href=\"https:\/\/international.sites-cites.fr\/wp-content\/uploads\/2023\/09\/WhatsApp-Image-2023-09-22-at-11.24.17.jpeg\" data-elementor-open-lightbox=\"yes\" data-elementor-lightbox-slideshow=\"e3dc300\" data-elementor-lightbox-title=\"WhatsApp Image 2023-09-22 at 11.24.17\" data-e-action-hash=\"#elementor-action%3Aaction%3Dlightbox%26settings%3DeyJpZCI6MzAyMCwidXJsIjoiaHR0cHM6XC9cL2ludGVybmF0aW9uYWwuc2l0ZXMtY2l0ZXMuZnJcL3dwLWNvbnRlbnRcL3VwbG9hZHNcLzIwMjNcLzA5XC9XaGF0c0FwcC1JbWFnZS0yMDIzLTA5LTIyLWF0LTExLjI0LjE3LmpwZWciLCJzbGlkZXNob3ciOiJlM2RjMzAwIn0%3D\">\n\t\t\t\t\t<div class=\"e-gallery-image elementor-gallery-item__image\" data-thumbnail=\"https:\/\/international.sites-cites.fr\/wp-content\/uploads\/2023\/09\/WhatsApp-Image-2023-09-22-at-11.24.17.jpeg\" data-width=\"2016\" data-height=\"1134\" aria-label=\"\" role=\"img\" ><\/div>\n\t\t\t\t\t\t\t\t\t\t\t<div class=\"elementor-gallery-item__overlay\"><\/div>\n\t\t\t\t\t\t\t\t\t\t\t\t\t\t<\/a>\n\t\t\t\t\t\t\t<a class=\"e-gallery-item elementor-gallery-item elementor-animated-content\" href=\"https:\/\/international.sites-cites.fr\/wp-content\/uploads\/2023\/09\/WhatsApp-Image-2023-09-22-at-11.22.56-3.jpeg\" data-elementor-open-lightbox=\"yes\" data-elementor-lightbox-slideshow=\"e3dc300\" data-elementor-lightbox-title=\"WhatsApp Image 2023-09-22 at 11.22.56 (3)\" data-e-action-hash=\"#elementor-action%3Aaction%3Dlightbox%26settings%3DeyJpZCI6MzAwMiwidXJsIjoiaHR0cHM6XC9cL2ludGVybmF0aW9uYWwuc2l0ZXMtY2l0ZXMuZnJcL3dwLWNvbnRlbnRcL3VwbG9hZHNcLzIwMjNcLzA5XC9XaGF0c0FwcC1JbWFnZS0yMDIzLTA5LTIyLWF0LTExLjIyLjU2LTMuanBlZyIsInNsaWRlc2hvdyI6ImUzZGMzMDAifQ%3D%3D\">\n\t\t\t\t\t<div class=\"e-gallery-image elementor-gallery-item__image\" data-thumbnail=\"https:\/\/international.sites-cites.fr\/wp-content\/uploads\/2023\/09\/WhatsApp-Image-2023-09-22-at-11.22.56-3.jpeg\" data-width=\"1600\" data-height=\"900\" aria-label=\"\" role=\"img\" ><\/div>\n\t\t\t\t\t\t\t\t\t\t\t<div class=\"elementor-gallery-item__overlay\"><\/div>\n\t\t\t\t\t\t\t\t\t\t\t\t\t\t<\/a>\n\t\t\t\t\t\t\t<a class=\"e-gallery-item elementor-gallery-item elementor-animated-content\" href=\"https:\/\/international.sites-cites.fr\/wp-content\/uploads\/2023\/09\/WhatsApp-Image-2023-09-22-at-11.22.56-5.jpeg\" data-elementor-open-lightbox=\"yes\" data-elementor-lightbox-slideshow=\"e3dc300\" data-elementor-lightbox-title=\"WhatsApp Image 2023-09-22 at 11.22.56 (5)\" data-e-action-hash=\"#elementor-action%3Aaction%3Dlightbox%26settings%3DeyJpZCI6MzAwOCwidXJsIjoiaHR0cHM6XC9cL2ludGVybmF0aW9uYWwuc2l0ZXMtY2l0ZXMuZnJcL3dwLWNvbnRlbnRcL3VwbG9hZHNcLzIwMjNcLzA5XC9XaGF0c0FwcC1JbWFnZS0yMDIzLTA5LTIyLWF0LTExLjIyLjU2LTUuanBlZyIsInNsaWRlc2hvdyI6ImUzZGMzMDAifQ%3D%3D\">\n\t\t\t\t\t<div class=\"e-gallery-image elementor-gallery-item__image\" data-thumbnail=\"https:\/\/international.sites-cites.fr\/wp-content\/uploads\/2023\/09\/WhatsApp-Image-2023-09-22-at-11.22.56-5.jpeg\" data-width=\"2048\" data-height=\"1536\" aria-label=\"\" role=\"img\" ><\/div>\n\t\t\t\t\t\t\t\t\t\t\t<div class=\"elementor-gallery-item__overlay\"><\/div>\n\t\t\t\t\t\t\t\t\t\t\t\t\t\t<\/a>\n\t\t\t\t\t\t\t<a class=\"e-gallery-item elementor-gallery-item elementor-animated-content\" href=\"https:\/\/international.sites-cites.fr\/wp-content\/uploads\/2023\/09\/WhatsApp-Image-2023-09-22-at-11.22.56.jpeg\" data-elementor-open-lightbox=\"yes\" data-elementor-lightbox-slideshow=\"e3dc300\" data-elementor-lightbox-title=\"WhatsApp Image 2023-09-22 at 11.22.56\" data-e-action-hash=\"#elementor-action%3Aaction%3Dlightbox%26settings%3DeyJpZCI6MzAxNywidXJsIjoiaHR0cHM6XC9cL2ludGVybmF0aW9uYWwuc2l0ZXMtY2l0ZXMuZnJcL3dwLWNvbnRlbnRcL3VwbG9hZHNcLzIwMjNcLzA5XC9XaGF0c0FwcC1JbWFnZS0yMDIzLTA5LTIyLWF0LTExLjIyLjU2LmpwZWciLCJzbGlkZXNob3ciOiJlM2RjMzAwIn0%3D\">\n\t\t\t\t\t<div class=\"e-gallery-image elementor-gallery-item__image\" data-thumbnail=\"https:\/\/international.sites-cites.fr\/wp-content\/uploads\/2023\/09\/WhatsApp-Image-2023-09-22-at-11.22.56.jpeg\" data-width=\"2000\" data-height=\"1500\" aria-label=\"\" role=\"img\" ><\/div>\n\t\t\t\t\t\t\t\t\t\t\t<div class=\"elementor-gallery-item__overlay\"><\/div>\n\t\t\t\t\t\t\t\t\t\t\t\t\t\t<\/a>\n\t\t\t\t\t\t\t<a class=\"e-gallery-item elementor-gallery-item elementor-animated-content\" href=\"https:\/\/international.sites-cites.fr\/wp-content\/uploads\/2023\/09\/20230424_124902-scaled.jpg\" data-elementor-open-lightbox=\"yes\" data-elementor-lightbox-slideshow=\"e3dc300\" data-elementor-lightbox-title=\"20230424_124902\" data-e-action-hash=\"#elementor-action%3Aaction%3Dlightbox%26settings%3DeyJpZCI6Mjk2MCwidXJsIjoiaHR0cHM6XC9cL2ludGVybmF0aW9uYWwuc2l0ZXMtY2l0ZXMuZnJcL3dwLWNvbnRlbnRcL3VwbG9hZHNcLzIwMjNcLzA5XC8yMDIzMDQyNF8xMjQ5MDItc2NhbGVkLmpwZyIsInNsaWRlc2hvdyI6ImUzZGMzMDAifQ%3D%3D\">\n\t\t\t\t\t<div class=\"e-gallery-image elementor-gallery-item__image\" data-thumbnail=\"https:\/\/international.sites-cites.fr\/wp-content\/uploads\/2023\/09\/20230424_124902-scaled.jpg\" data-width=\"2560\" data-height=\"1152\" aria-label=\"\" role=\"img\" ><\/div>\n\t\t\t\t\t\t\t\t\t\t\t<div class=\"elementor-gallery-item__overlay\"><\/div>\n\t\t\t\t\t\t\t\t\t\t\t\t\t\t<\/a>\n\t\t\t\t\t\t\t<a class=\"e-gallery-item elementor-gallery-item elementor-animated-content\" href=\"https:\/\/international.sites-cites.fr\/wp-content\/uploads\/2023\/09\/WhatsApp-Image-2023-09-22-at-11.22.56-4.jpeg\" data-elementor-open-lightbox=\"yes\" data-elementor-lightbox-slideshow=\"e3dc300\" data-elementor-lightbox-title=\"WhatsApp Image 2023-09-22 at 11.22.56 (4)\" data-e-action-hash=\"#elementor-action%3Aaction%3Dlightbox%26settings%3DeyJpZCI6MzAwNSwidXJsIjoiaHR0cHM6XC9cL2ludGVybmF0aW9uYWwuc2l0ZXMtY2l0ZXMuZnJcL3dwLWNvbnRlbnRcL3VwbG9hZHNcLzIwMjNcLzA5XC9XaGF0c0FwcC1JbWFnZS0yMDIzLTA5LTIyLWF0LTExLjIyLjU2LTQuanBlZyIsInNsaWRlc2hvdyI6ImUzZGMzMDAifQ%3D%3D\">\n\t\t\t\t\t<div class=\"e-gallery-image elementor-gallery-item__image\" data-thumbnail=\"https:\/\/international.sites-cites.fr\/wp-content\/uploads\/2023\/09\/WhatsApp-Image-2023-09-22-at-11.22.56-4.jpeg\" data-width=\"2048\" data-height=\"1536\" aria-label=\"\" role=\"img\" ><\/div>\n\t\t\t\t\t\t\t\t\t\t\t<div class=\"elementor-gallery-item__overlay\"><\/div>\n\t\t\t\t\t\t\t\t\t\t\t\t\t\t<\/a>\n\t\t\t\t\t\t\t<a class=\"e-gallery-item elementor-gallery-item elementor-animated-content\" href=\"https:\/\/international.sites-cites.fr\/wp-content\/uploads\/2023\/09\/WhatsApp-Image-2023-09-22-at-11.22.56-7.jpeg\" data-elementor-open-lightbox=\"yes\" data-elementor-lightbox-slideshow=\"e3dc300\" data-elementor-lightbox-title=\"WhatsApp Image 2023-09-22 at 11.22.56 (7)\" data-e-action-hash=\"#elementor-action%3Aaction%3Dlightbox%26settings%3DeyJpZCI6MzAxNCwidXJsIjoiaHR0cHM6XC9cL2ludGVybmF0aW9uYWwuc2l0ZXMtY2l0ZXMuZnJcL3dwLWNvbnRlbnRcL3VwbG9hZHNcLzIwMjNcLzA5XC9XaGF0c0FwcC1JbWFnZS0yMDIzLTA5LTIyLWF0LTExLjIyLjU2LTcuanBlZyIsInNsaWRlc2hvdyI6ImUzZGMzMDAifQ%3D%3D\">\n\t\t\t\t\t<div class=\"e-gallery-image elementor-gallery-item__image\" data-thumbnail=\"https:\/\/international.sites-cites.fr\/wp-content\/uploads\/2023\/09\/WhatsApp-Image-2023-09-22-at-11.22.56-7.jpeg\" data-width=\"2000\" data-height=\"1128\" aria-label=\"\" role=\"img\" ><\/div>\n\t\t\t\t\t\t\t\t\t\t\t<div class=\"elementor-gallery-item__overlay\"><\/div>\n\t\t\t\t\t\t\t\t\t\t\t\t\t\t<\/a>\n\t\t\t\t\t\t\t<a class=\"e-gallery-item elementor-gallery-item elementor-animated-content\" href=\"https:\/\/international.sites-cites.fr\/wp-content\/uploads\/2023\/09\/WhatsApp-Image-2023-09-22-at-11.22.56-6.jpeg\" data-elementor-open-lightbox=\"yes\" data-elementor-lightbox-slideshow=\"e3dc300\" data-elementor-lightbox-title=\"WhatsApp Image 2023-09-22 at 11.22.56 (6)\" data-e-action-hash=\"#elementor-action%3Aaction%3Dlightbox%26settings%3DeyJpZCI6MzAxMSwidXJsIjoiaHR0cHM6XC9cL2ludGVybmF0aW9uYWwuc2l0ZXMtY2l0ZXMuZnJcL3dwLWNvbnRlbnRcL3VwbG9hZHNcLzIwMjNcLzA5XC9XaGF0c0FwcC1JbWFnZS0yMDIzLTA5LTIyLWF0LTExLjIyLjU2LTYuanBlZyIsInNsaWRlc2hvdyI6ImUzZGMzMDAifQ%3D%3D\">\n\t\t\t\t\t<div class=\"e-gallery-image elementor-gallery-item__image\" data-thumbnail=\"https:\/\/international.sites-cites.fr\/wp-content\/uploads\/2023\/09\/WhatsApp-Image-2023-09-22-at-11.22.56-6.jpeg\" data-width=\"1128\" data-height=\"2000\" aria-label=\"\" role=\"img\" ><\/div>\n\t\t\t\t\t\t\t\t\t\t\t<div class=\"elementor-gallery-item__overlay\"><\/div>\n\t\t\t\t\t\t\t\t\t\t\t\t\t\t<\/a>\n\t\t\t\t\t<\/div>\n\t\t\t\t\t<\/div>\n\t\t\t\t<\/div>\n\t\t\t\t\t<\/div>\n\t\t<\/div>\n\t\t\t\t\t<\/div>\n\t\t<\/section>\n\t\t\t\t<\/div>\n\t\t","protected":false},"excerpt":{"rendered":"<p>Sites &amp; Cit\u00e9s remarquables de France organiz\u00f3 una Misi\u00f3n Ecuador &#8211; Colombia. La delegaci\u00f3n francesa estuvo compuesta por el equipo de Sites &amp; Cit\u00e9s, Anne-Laure MONIOT, responsable del proyecto en Burdeos M\u00e9tropole, Richard TYLINSKI, concejal de Draguignan, y B\u00e9atrice LEFEL y Steve JULLIEN, concejales de Elbeuf-sur-Seine. La delegaci\u00f3n visit\u00f3 Cartagena, Villa de Leyva, Paipa y [&hellip;]<\/p>\n","protected":false},"author":3,"featured_media":3026,"comment_status":"open","ping_status":"open","sticky":false,"template":"","format":"standard","meta":{"_acf_changed":false,"_bbp_topic_count":0,"_bbp_reply_count":0,"_bbp_total_topic_count":0,"_bbp_total_reply_count":0,"_bbp_voice_count":0,"_bbp_anonymous_reply_count":0,"_bbp_topic_count_hidden":0,"_bbp_reply_count_hidden":0,"_bbp_forum_subforum_count":0,"footnotes":""},"categories":[46],"tags":[],"class_list":["post-6922","post","type-post","status-publish","format-standard","has-post-thumbnail","hentry","category-acciones-pasadas"],"acf":[],"yoast_head":"<!-- This site is optimized with the Yoast SEO plugin v27.5 - https:\/\/yoast.com\/product\/yoast-seo-wordpress\/ -->\n<title>MISI\u00d3N ECUADOR Y COLOMBIA - 18-24 de abril de 2023 - Sites &amp; Cit\u00e9s International<\/title>\n<meta name=\"robots\" content=\"index, follow, max-snippet:-1, max-image-preview:large, max-video-preview:-1\" \/>\n<link rel=\"canonical\" href=\"https:\/\/international.sites-cites.fr\/es\/mision-ecuador-y-colombia-18-24-de-abril-de-2023\/\" \/>\n<meta property=\"og:locale\" content=\"es_ES\" \/>\n<meta property=\"og:type\" content=\"article\" \/>\n<meta property=\"og:title\" content=\"MISI\u00d3N ECUADOR Y COLOMBIA - 18-24 de abril de 2023 - Sites &amp; Cit\u00e9s International\" \/>\n<meta property=\"og:description\" content=\"Sites &amp; Cit\u00e9s remarquables de France organiz\u00f3 una Misi\u00f3n Ecuador &#8211; Colombia. La delegaci\u00f3n francesa estuvo compuesta por el equipo de Sites &amp; Cit\u00e9s, Anne-Laure MONIOT, responsable del proyecto en Burdeos M\u00e9tropole, Richard TYLINSKI, concejal de Draguignan, y B\u00e9atrice LEFEL y Steve JULLIEN, concejales de Elbeuf-sur-Seine. La delegaci\u00f3n visit\u00f3 Cartagena, Villa de Leyva, Paipa y [&hellip;]\" \/>\n<meta property=\"og:url\" content=\"https:\/\/international.sites-cites.fr\/es\/mision-ecuador-y-colombia-18-24-de-abril-de-2023\/\" \/>\n<meta property=\"og:site_name\" content=\"Sites &amp; Cit\u00e9s International\" \/>\n<meta property=\"article:published_time\" content=\"2023-04-18T09:14:47+00:00\" \/>\n<meta property=\"article:modified_time\" content=\"2025-04-04T14:28:07+00:00\" \/>\n<meta property=\"og:image\" content=\"https:\/\/international.sites-cites.fr\/wp-content\/uploads\/2023\/09\/WhatsApp-Image-2023-09-22-at-11.24.18.jpeg\" \/>\n\t<meta property=\"og:image:width\" content=\"1600\" \/>\n\t<meta property=\"og:image:height\" content=\"1200\" \/>\n\t<meta property=\"og:image:type\" content=\"image\/jpeg\" \/>\n<meta name=\"author\" content=\"Sites &amp; Cit\u00e9s\" \/>\n<meta name=\"twitter:card\" content=\"summary_large_image\" \/>\n<meta name=\"twitter:label1\" content=\"Escrito por\" \/>\n\t<meta name=\"twitter:data1\" content=\"Sites &amp; Cit\u00e9s\" \/>\n\t<meta name=\"twitter:label2\" content=\"Tiempo de lectura\" \/>\n\t<meta name=\"twitter:data2\" content=\"1 minuto\" \/>\n<script type=\"application\/ld+json\" class=\"yoast-schema-graph\">{\"@context\":\"https:\\\/\\\/schema.org\",\"@graph\":[{\"@type\":\"Article\",\"@id\":\"https:\\\/\\\/international.sites-cites.fr\\\/es\\\/mision-ecuador-y-colombia-18-24-de-abril-de-2023\\\/#article\",\"isPartOf\":{\"@id\":\"https:\\\/\\\/international.sites-cites.fr\\\/es\\\/mision-ecuador-y-colombia-18-24-de-abril-de-2023\\\/\"},\"author\":{\"name\":\"Sites &amp; Cit\u00e9s\",\"@id\":\"https:\\\/\\\/international.sites-cites.fr\\\/es\\\/#\\\/schema\\\/person\\\/ed564f2d88350a097a740a91261d1ac2\"},\"headline\":\"MISI\u00d3N ECUADOR Y COLOMBIA &#8211; 18-24 de abril de 2023\",\"datePublished\":\"2023-04-18T09:14:47+00:00\",\"dateModified\":\"2025-04-04T14:28:07+00:00\",\"mainEntityOfPage\":{\"@id\":\"https:\\\/\\\/international.sites-cites.fr\\\/es\\\/mision-ecuador-y-colombia-18-24-de-abril-de-2023\\\/\"},\"wordCount\":223,\"commentCount\":0,\"publisher\":{\"@id\":\"https:\\\/\\\/international.sites-cites.fr\\\/es\\\/#organization\"},\"image\":{\"@id\":\"https:\\\/\\\/international.sites-cites.fr\\\/es\\\/mision-ecuador-y-colombia-18-24-de-abril-de-2023\\\/#primaryimage\"},\"thumbnailUrl\":\"https:\\\/\\\/international.sites-cites.fr\\\/wp-content\\\/uploads\\\/2023\\\/09\\\/WhatsApp-Image-2023-09-22-at-11.24.18.jpeg\",\"articleSection\":[\"Acciones pasadas\"],\"inLanguage\":\"es\",\"potentialAction\":[{\"@type\":\"CommentAction\",\"name\":\"Comment\",\"target\":[\"https:\\\/\\\/international.sites-cites.fr\\\/es\\\/mision-ecuador-y-colombia-18-24-de-abril-de-2023\\\/#respond\"]}]},{\"@type\":\"WebPage\",\"@id\":\"https:\\\/\\\/international.sites-cites.fr\\\/es\\\/mision-ecuador-y-colombia-18-24-de-abril-de-2023\\\/\",\"url\":\"https:\\\/\\\/international.sites-cites.fr\\\/es\\\/mision-ecuador-y-colombia-18-24-de-abril-de-2023\\\/\",\"name\":\"MISI\u00d3N ECUADOR Y COLOMBIA - 18-24 de abril de 2023 - Sites &amp; Cit\u00e9s International\",\"isPartOf\":{\"@id\":\"https:\\\/\\\/international.sites-cites.fr\\\/es\\\/#website\"},\"primaryImageOfPage\":{\"@id\":\"https:\\\/\\\/international.sites-cites.fr\\\/es\\\/mision-ecuador-y-colombia-18-24-de-abril-de-2023\\\/#primaryimage\"},\"image\":{\"@id\":\"https:\\\/\\\/international.sites-cites.fr\\\/es\\\/mision-ecuador-y-colombia-18-24-de-abril-de-2023\\\/#primaryimage\"},\"thumbnailUrl\":\"https:\\\/\\\/international.sites-cites.fr\\\/wp-content\\\/uploads\\\/2023\\\/09\\\/WhatsApp-Image-2023-09-22-at-11.24.18.jpeg\",\"datePublished\":\"2023-04-18T09:14:47+00:00\",\"dateModified\":\"2025-04-04T14:28:07+00:00\",\"breadcrumb\":{\"@id\":\"https:\\\/\\\/international.sites-cites.fr\\\/es\\\/mision-ecuador-y-colombia-18-24-de-abril-de-2023\\\/#breadcrumb\"},\"inLanguage\":\"es\",\"potentialAction\":[{\"@type\":\"ReadAction\",\"target\":[\"https:\\\/\\\/international.sites-cites.fr\\\/es\\\/mision-ecuador-y-colombia-18-24-de-abril-de-2023\\\/\"]}]},{\"@type\":\"ImageObject\",\"inLanguage\":\"es\",\"@id\":\"https:\\\/\\\/international.sites-cites.fr\\\/es\\\/mision-ecuador-y-colombia-18-24-de-abril-de-2023\\\/#primaryimage\",\"url\":\"https:\\\/\\\/international.sites-cites.fr\\\/wp-content\\\/uploads\\\/2023\\\/09\\\/WhatsApp-Image-2023-09-22-at-11.24.18.jpeg\",\"contentUrl\":\"https:\\\/\\\/international.sites-cites.fr\\\/wp-content\\\/uploads\\\/2023\\\/09\\\/WhatsApp-Image-2023-09-22-at-11.24.18.jpeg\",\"width\":1600,\"height\":1200,\"caption\":\"Corpoturismo Carthag\u00e8ne\"},{\"@type\":\"BreadcrumbList\",\"@id\":\"https:\\\/\\\/international.sites-cites.fr\\\/es\\\/mision-ecuador-y-colombia-18-24-de-abril-de-2023\\\/#breadcrumb\",\"itemListElement\":[{\"@type\":\"ListItem\",\"position\":1,\"name\":\"Accueil\",\"item\":\"https:\\\/\\\/international.sites-cites.fr\\\/es\\\/\"},{\"@type\":\"ListItem\",\"position\":2,\"name\":\"MISI\u00d3N ECUADOR Y COLOMBIA &#8211; 18-24 de abril de 2023\"}]},{\"@type\":\"WebSite\",\"@id\":\"https:\\\/\\\/international.sites-cites.fr\\\/es\\\/#website\",\"url\":\"https:\\\/\\\/international.sites-cites.fr\\\/es\\\/\",\"name\":\"Sites & Cit\u00e9s International\",\"description\":\"\",\"publisher\":{\"@id\":\"https:\\\/\\\/international.sites-cites.fr\\\/es\\\/#organization\"},\"potentialAction\":[{\"@type\":\"SearchAction\",\"target\":{\"@type\":\"EntryPoint\",\"urlTemplate\":\"https:\\\/\\\/international.sites-cites.fr\\\/es\\\/?s={search_term_string}\"},\"query-input\":{\"@type\":\"PropertyValueSpecification\",\"valueRequired\":true,\"valueName\":\"search_term_string\"}}],\"inLanguage\":\"es\"},{\"@type\":\"Organization\",\"@id\":\"https:\\\/\\\/international.sites-cites.fr\\\/es\\\/#organization\",\"name\":\"Sites & Cit\u00e9s International\",\"url\":\"https:\\\/\\\/international.sites-cites.fr\\\/es\\\/\",\"logo\":{\"@type\":\"ImageObject\",\"inLanguage\":\"es\",\"@id\":\"https:\\\/\\\/international.sites-cites.fr\\\/es\\\/#\\\/schema\\\/logo\\\/image\\\/\",\"url\":\"https:\\\/\\\/international.sites-cites.fr\\\/wp-content\\\/uploads\\\/2023\\\/01\\\/cropped-logo-01.png\",\"contentUrl\":\"https:\\\/\\\/international.sites-cites.fr\\\/wp-content\\\/uploads\\\/2023\\\/01\\\/cropped-logo-01.png\",\"width\":1378,\"height\":1015,\"caption\":\"Sites & Cit\u00e9s International\"},\"image\":{\"@id\":\"https:\\\/\\\/international.sites-cites.fr\\\/es\\\/#\\\/schema\\\/logo\\\/image\\\/\"}},{\"@type\":\"Person\",\"@id\":\"https:\\\/\\\/international.sites-cites.fr\\\/es\\\/#\\\/schema\\\/person\\\/ed564f2d88350a097a740a91261d1ac2\",\"name\":\"Sites &amp; Cit\u00e9s\",\"image\":{\"@type\":\"ImageObject\",\"inLanguage\":\"es\",\"@id\":\"https:\\\/\\\/secure.gravatar.com\\\/avatar\\\/eee5f372a425f83e1bc28203a4022cf527db8b280da8a9bb3364d0ed0f195782?s=96&d=mm&r=g\",\"url\":\"https:\\\/\\\/secure.gravatar.com\\\/avatar\\\/eee5f372a425f83e1bc28203a4022cf527db8b280da8a9bb3364d0ed0f195782?s=96&d=mm&r=g\",\"contentUrl\":\"https:\\\/\\\/secure.gravatar.com\\\/avatar\\\/eee5f372a425f83e1bc28203a4022cf527db8b280da8a9bb3364d0ed0f195782?s=96&d=mm&r=g\",\"caption\":\"Sites &amp; Cit\u00e9s\"}}]}<\/script>\n<!-- \/ Yoast SEO plugin. -->","yoast_head_json":{"title":"MISI\u00d3N ECUADOR Y COLOMBIA - 18-24 de abril de 2023 - Sites &amp; Cit\u00e9s International","robots":{"index":"index","follow":"follow","max-snippet":"max-snippet:-1","max-image-preview":"max-image-preview:large","max-video-preview":"max-video-preview:-1"},"canonical":"https:\/\/international.sites-cites.fr\/es\/mision-ecuador-y-colombia-18-24-de-abril-de-2023\/","og_locale":"es_ES","og_type":"article","og_title":"MISI\u00d3N ECUADOR Y COLOMBIA - 18-24 de abril de 2023 - Sites &amp; Cit\u00e9s International","og_description":"Sites &amp; Cit\u00e9s remarquables de France organiz\u00f3 una Misi\u00f3n Ecuador &#8211; Colombia. La delegaci\u00f3n francesa estuvo compuesta por el equipo de Sites &amp; Cit\u00e9s, Anne-Laure MONIOT, responsable del proyecto en Burdeos M\u00e9tropole, Richard TYLINSKI, concejal de Draguignan, y B\u00e9atrice LEFEL y Steve JULLIEN, concejales de Elbeuf-sur-Seine. La delegaci\u00f3n visit\u00f3 Cartagena, Villa de Leyva, Paipa y [&hellip;]","og_url":"https:\/\/international.sites-cites.fr\/es\/mision-ecuador-y-colombia-18-24-de-abril-de-2023\/","og_site_name":"Sites &amp; Cit\u00e9s International","article_published_time":"2023-04-18T09:14:47+00:00","article_modified_time":"2025-04-04T14:28:07+00:00","og_image":[{"width":1600,"height":1200,"url":"https:\/\/international.sites-cites.fr\/wp-content\/uploads\/2023\/09\/WhatsApp-Image-2023-09-22-at-11.24.18.jpeg","type":"image\/jpeg"}],"author":"Sites &amp; Cit\u00e9s","twitter_card":"summary_large_image","twitter_misc":{"Escrito por":"Sites &amp; Cit\u00e9s","Tiempo de lectura":"1 minuto"},"schema":{"@context":"https:\/\/schema.org","@graph":[{"@type":"Article","@id":"https:\/\/international.sites-cites.fr\/es\/mision-ecuador-y-colombia-18-24-de-abril-de-2023\/#article","isPartOf":{"@id":"https:\/\/international.sites-cites.fr\/es\/mision-ecuador-y-colombia-18-24-de-abril-de-2023\/"},"author":{"name":"Sites &amp; Cit\u00e9s","@id":"https:\/\/international.sites-cites.fr\/es\/#\/schema\/person\/ed564f2d88350a097a740a91261d1ac2"},"headline":"MISI\u00d3N ECUADOR Y COLOMBIA &#8211; 18-24 de abril de 2023","datePublished":"2023-04-18T09:14:47+00:00","dateModified":"2025-04-04T14:28:07+00:00","mainEntityOfPage":{"@id":"https:\/\/international.sites-cites.fr\/es\/mision-ecuador-y-colombia-18-24-de-abril-de-2023\/"},"wordCount":223,"commentCount":0,"publisher":{"@id":"https:\/\/international.sites-cites.fr\/es\/#organization"},"image":{"@id":"https:\/\/international.sites-cites.fr\/es\/mision-ecuador-y-colombia-18-24-de-abril-de-2023\/#primaryimage"},"thumbnailUrl":"https:\/\/international.sites-cites.fr\/wp-content\/uploads\/2023\/09\/WhatsApp-Image-2023-09-22-at-11.24.18.jpeg","articleSection":["Acciones pasadas"],"inLanguage":"es","potentialAction":[{"@type":"CommentAction","name":"Comment","target":["https:\/\/international.sites-cites.fr\/es\/mision-ecuador-y-colombia-18-24-de-abril-de-2023\/#respond"]}]},{"@type":"WebPage","@id":"https:\/\/international.sites-cites.fr\/es\/mision-ecuador-y-colombia-18-24-de-abril-de-2023\/","url":"https:\/\/international.sites-cites.fr\/es\/mision-ecuador-y-colombia-18-24-de-abril-de-2023\/","name":"MISI\u00d3N ECUADOR Y COLOMBIA - 18-24 de abril de 2023 - Sites &amp; Cit\u00e9s International","isPartOf":{"@id":"https:\/\/international.sites-cites.fr\/es\/#website"},"primaryImageOfPage":{"@id":"https:\/\/international.sites-cites.fr\/es\/mision-ecuador-y-colombia-18-24-de-abril-de-2023\/#primaryimage"},"image":{"@id":"https:\/\/international.sites-cites.fr\/es\/mision-ecuador-y-colombia-18-24-de-abril-de-2023\/#primaryimage"},"thumbnailUrl":"https:\/\/international.sites-cites.fr\/wp-content\/uploads\/2023\/09\/WhatsApp-Image-2023-09-22-at-11.24.18.jpeg","datePublished":"2023-04-18T09:14:47+00:00","dateModified":"2025-04-04T14:28:07+00:00","breadcrumb":{"@id":"https:\/\/international.sites-cites.fr\/es\/mision-ecuador-y-colombia-18-24-de-abril-de-2023\/#breadcrumb"},"inLanguage":"es","potentialAction":[{"@type":"ReadAction","target":["https:\/\/international.sites-cites.fr\/es\/mision-ecuador-y-colombia-18-24-de-abril-de-2023\/"]}]},{"@type":"ImageObject","inLanguage":"es","@id":"https:\/\/international.sites-cites.fr\/es\/mision-ecuador-y-colombia-18-24-de-abril-de-2023\/#primaryimage","url":"https:\/\/international.sites-cites.fr\/wp-content\/uploads\/2023\/09\/WhatsApp-Image-2023-09-22-at-11.24.18.jpeg","contentUrl":"https:\/\/international.sites-cites.fr\/wp-content\/uploads\/2023\/09\/WhatsApp-Image-2023-09-22-at-11.24.18.jpeg","width":1600,"height":1200,"caption":"Corpoturismo Carthag\u00e8ne"},{"@type":"BreadcrumbList","@id":"https:\/\/international.sites-cites.fr\/es\/mision-ecuador-y-colombia-18-24-de-abril-de-2023\/#breadcrumb","itemListElement":[{"@type":"ListItem","position":1,"name":"Accueil","item":"https:\/\/international.sites-cites.fr\/es\/"},{"@type":"ListItem","position":2,"name":"MISI\u00d3N ECUADOR Y COLOMBIA &#8211; 18-24 de abril de 2023"}]},{"@type":"WebSite","@id":"https:\/\/international.sites-cites.fr\/es\/#website","url":"https:\/\/international.sites-cites.fr\/es\/","name":"Sites & Cit\u00e9s International","description":"","publisher":{"@id":"https:\/\/international.sites-cites.fr\/es\/#organization"},"potentialAction":[{"@type":"SearchAction","target":{"@type":"EntryPoint","urlTemplate":"https:\/\/international.sites-cites.fr\/es\/?s={search_term_string}"},"query-input":{"@type":"PropertyValueSpecification","valueRequired":true,"valueName":"search_term_string"}}],"inLanguage":"es"},{"@type":"Organization","@id":"https:\/\/international.sites-cites.fr\/es\/#organization","name":"Sites & Cit\u00e9s International","url":"https:\/\/international.sites-cites.fr\/es\/","logo":{"@type":"ImageObject","inLanguage":"es","@id":"https:\/\/international.sites-cites.fr\/es\/#\/schema\/logo\/image\/","url":"https:\/\/international.sites-cites.fr\/wp-content\/uploads\/2023\/01\/cropped-logo-01.png","contentUrl":"https:\/\/international.sites-cites.fr\/wp-content\/uploads\/2023\/01\/cropped-logo-01.png","width":1378,"height":1015,"caption":"Sites & Cit\u00e9s International"},"image":{"@id":"https:\/\/international.sites-cites.fr\/es\/#\/schema\/logo\/image\/"}},{"@type":"Person","@id":"https:\/\/international.sites-cites.fr\/es\/#\/schema\/person\/ed564f2d88350a097a740a91261d1ac2","name":"Sites &amp; Cit\u00e9s","image":{"@type":"ImageObject","inLanguage":"es","@id":"https:\/\/secure.gravatar.com\/avatar\/eee5f372a425f83e1bc28203a4022cf527db8b280da8a9bb3364d0ed0f195782?s=96&d=mm&r=g","url":"https:\/\/secure.gravatar.com\/avatar\/eee5f372a425f83e1bc28203a4022cf527db8b280da8a9bb3364d0ed0f195782?s=96&d=mm&r=g","contentUrl":"https:\/\/secure.gravatar.com\/avatar\/eee5f372a425f83e1bc28203a4022cf527db8b280da8a9bb3364d0ed0f195782?s=96&d=mm&r=g","caption":"Sites &amp; Cit\u00e9s"}}]}},"_links":{"self":[{"href":"https:\/\/international.sites-cites.fr\/es\/wp-json\/wp\/v2\/posts\/6922","targetHints":{"allow":["GET"]}}],"collection":[{"href":"https:\/\/international.sites-cites.fr\/es\/wp-json\/wp\/v2\/posts"}],"about":[{"href":"https:\/\/international.sites-cites.fr\/es\/wp-json\/wp\/v2\/types\/post"}],"author":[{"embeddable":true,"href":"https:\/\/international.sites-cites.fr\/es\/wp-json\/wp\/v2\/users\/3"}],"replies":[{"embeddable":true,"href":"https:\/\/international.sites-cites.fr\/es\/wp-json\/wp\/v2\/comments?post=6922"}],"version-history":[{"count":4,"href":"https:\/\/international.sites-cites.fr\/es\/wp-json\/wp\/v2\/posts\/6922\/revisions"}],"predecessor-version":[{"id":6996,"href":"https:\/\/international.sites-cites.fr\/es\/wp-json\/wp\/v2\/posts\/6922\/revisions\/6996"}],"wp:featuredmedia":[{"embeddable":true,"href":"https:\/\/international.sites-cites.fr\/es\/wp-json\/wp\/v2\/media\/3026"}],"wp:attachment":[{"href":"https:\/\/international.sites-cites.fr\/es\/wp-json\/wp\/v2\/media?parent=6922"}],"wp:term":[{"taxonomy":"category","embeddable":true,"href":"https:\/\/international.sites-cites.fr\/es\/wp-json\/wp\/v2\/categories?post=6922"},{"taxonomy":"post_tag","embeddable":true,"href":"https:\/\/international.sites-cites.fr\/es\/wp-json\/wp\/v2\/tags?post=6922"}],"curies":[{"name":"wp","href":"https:\/\/api.w.org\/{rel}","templated":true}]}}