{"id":7742,"date":"2024-10-07T10:06:50","date_gmt":"2024-10-07T10:06:50","guid":{"rendered":"https:\/\/international.sites-cites.fr\/viaje-de-estudios-delegacion-latinoamericana-a-elbeuf-sur-seine-16-y-17-de-septiembre-de-2024\/"},"modified":"2025-09-03T11:49:09","modified_gmt":"2025-09-03T11:49:09","slug":"viaje-de-estudios-delegacion-latinoamericana-a-elbeuf-sur-seine-16-y-17-de-septiembre-de-2024","status":"publish","type":"post","link":"https:\/\/international.sites-cites.fr\/es\/viaje-de-estudios-delegacion-latinoamericana-a-elbeuf-sur-seine-16-y-17-de-septiembre-de-2024\/","title":{"rendered":"VIAJE DE ESTUDIOS &#8211; DELEGACI\u00d3N LATINOAMERICANA A ELBEUF-SUR-SEINE, 16 y 17 de septiembre de 2024"},"content":{"rendered":"\t\t<div data-elementor-type=\"wp-post\" data-elementor-id=\"7742\" class=\"elementor elementor-7742 elementor-7252\" data-elementor-post-type=\"post\">\n\t\t\t\t\t\t<section class=\"elementor-section elementor-top-section elementor-element elementor-element-42fa0f85 elementor-section-boxed elementor-section-height-default elementor-section-height-default\" data-id=\"42fa0f85\" data-element_type=\"section\" data-e-type=\"section\">\n\t\t\t\t\t\t<div class=\"elementor-container elementor-column-gap-default\">\n\t\t\t\t\t<div class=\"elementor-column elementor-col-100 elementor-top-column elementor-element elementor-element-51f3019a\" data-id=\"51f3019a\" data-element_type=\"column\" data-e-type=\"column\">\n\t\t\t<div class=\"elementor-widget-wrap elementor-element-populated\">\n\t\t\t\t\t\t<div class=\"elementor-element elementor-element-78758eff elementor-widget elementor-widget-text-editor\" data-id=\"78758eff\" data-element_type=\"widget\" data-e-type=\"widget\" data-widget_type=\"text-editor.default\">\n\t\t\t\t<div class=\"elementor-widget-container\">\n\t\t\t\t\t\t\t\t\t<p>En el marco del proyecto trienal de cooperaci\u00f3n internacional \u00abLlaves en mano\u00bb,<span style=\"font-weight: 400;\"> Sites &amp; Cit\u00e9s, en colaboraci\u00f3n con la ciudad de Elbeuf-sur-Seine, organiz\u00f3 los d\u00edas 16 y 17 de septiembre de 2024 un viaje de estudios para una delegaci\u00f3n latinoamericana.<\/span><\/p><p><span style=\"font-weight: 400;\">La delegaci\u00f3n estaba formada por :<\/span><\/p><ul><li style=\"font-weight: 400;\" aria-level=\"1\"><span style=\"font-weight: 400;\"><strong>Jorge ORTEGA GONZALEZ<\/strong>: Director de la Asociaci\u00f3n Nacional de Ciudades Mexicanas Patrimonio de la Humanidad.<\/span><\/li><li style=\"font-weight: 400;\" aria-level=\"1\"><span style=\"font-weight: 400;\"><strong>Andrea DIAZ<\/strong>: Arquitecta y Jefa del Departamento de Imagen Urbana del Centro del Patrimonio Hist\u00f3rico y Cultural de Puebla.<\/span><\/li><li style=\"font-weight: 400;\" aria-level=\"1\"><span style=\"font-weight: 400;\"><strong>Mariana DURAN HERNANDEZ<\/strong>: Arquitecta y Asesora T\u00e9cnica del Centro del Patrimonio Hist\u00f3rico y Cultural de Puebla.<\/span><\/li><li style=\"font-weight: 400;\" aria-level=\"1\"><span style=\"font-weight: 400;\"><strong>Paulina ARBOLEDA<\/strong>: Gestora de Proyectos Tur\u00edsticos en Quito Turismo.<\/span><\/li><\/ul><p> <\/p><p><span style=\"font-weight: 400;\">La delegaci\u00f3n fue recibida por <strong>Djoud\u00e9 MERABET<\/strong>, alcalde de Elbeuf-sur-Seine, acompa\u00f1ado por sus adjuntos: <strong>B\u00e9atrice LEFEL<\/strong> (Desarrollo Sostenible, Atractivo y Difusi\u00f3n Cultural), <strong>Thomas CAILLOT<\/strong> (Participaci\u00f3n Ciudadana, Democracia Local y Seguridad P\u00fablica), y el concejal <strong>Steve JULLIEN<\/strong>(Cultura y Patrimonio).<\/span><\/p><p><span style=\"font-weight: 400;\">Nuestros socios latinoamericanos tuvieron la oportunidad de descubrir la rica historia y el patrimonio de Elbeuf-sur-Seine, as\u00ed como las iniciativas de reconstrucci\u00f3n de la ciudad, especialmente mediante la reutilizaci\u00f3n de sus edificios hist\u00f3ricos para viviendas sociales, centros culturales y museos.<\/span><\/p><p><span style=\"font-weight: 400;\">Uno de los aspectos m\u00e1s destacados de los debates fue la presentaci\u00f3n de los \u00abRaconteurs de Ville\u00bb, un plan de participaci\u00f3n ciudadana \u00fanico en Francia, que ha inspirado especialmente a nuestros socios internacionales.<\/span><\/p><p><span style=\"font-weight: 400;\">El objetivo de estos encuentros es dar a conocer la experiencia internacional de Francia en materia de turismo y patrimonio, compartir las mejores pr\u00e1cticas entre pa\u00edses y reforzar las redes de cooperaci\u00f3n entre las ciudades asociadas.<\/span><\/p><p><span style=\"font-weight: 400;\"> <\/span><\/p>\t\t\t\t\t\t\t\t<\/div>\n\t\t\t\t<\/div>\n\t\t\t\t<div class=\"elementor-element elementor-element-e3dc300 elementor-widget elementor-widget-gallery\" data-id=\"e3dc300\" data-element_type=\"widget\" data-e-type=\"widget\" data-settings=\"{&quot;gallery_layout&quot;:&quot;justified&quot;,&quot;lazyload&quot;:&quot;yes&quot;,&quot;ideal_row_height&quot;:{&quot;unit&quot;:&quot;px&quot;,&quot;size&quot;:200,&quot;sizes&quot;:[]},&quot;ideal_row_height_tablet&quot;:{&quot;unit&quot;:&quot;px&quot;,&quot;size&quot;:150,&quot;sizes&quot;:[]},&quot;ideal_row_height_mobile&quot;:{&quot;unit&quot;:&quot;px&quot;,&quot;size&quot;:150,&quot;sizes&quot;:[]},&quot;gap&quot;:{&quot;unit&quot;:&quot;px&quot;,&quot;size&quot;:10,&quot;sizes&quot;:[]},&quot;gap_tablet&quot;:{&quot;unit&quot;:&quot;px&quot;,&quot;size&quot;:10,&quot;sizes&quot;:[]},&quot;gap_mobile&quot;:{&quot;unit&quot;:&quot;px&quot;,&quot;size&quot;:10,&quot;sizes&quot;:[]},&quot;link_to&quot;:&quot;file&quot;,&quot;overlay_background&quot;:&quot;yes&quot;,&quot;content_hover_animation&quot;:&quot;fade-in&quot;}\" data-widget_type=\"gallery.default\">\n\t\t\t\t<div class=\"elementor-widget-container\">\n\t\t\t\t\t\t\t<div class=\"elementor-gallery__container\">\n\t\t\t\t\t\t\t<a class=\"e-gallery-item elementor-gallery-item elementor-animated-content\" href=\"https:\/\/international.sites-cites.fr\/wp-content\/uploads\/2024\/10\/IMG_8603-scaled.jpeg\" data-elementor-open-lightbox=\"yes\" data-elementor-lightbox-slideshow=\"e3dc300\" data-elementor-lightbox-title=\"IMG_8603\" data-e-action-hash=\"#elementor-action%3Aaction%3Dlightbox%26settings%3DeyJpZCI6NzI2OCwidXJsIjoiaHR0cHM6XC9cL2ludGVybmF0aW9uYWwuc2l0ZXMtY2l0ZXMuZnJcL3dwLWNvbnRlbnRcL3VwbG9hZHNcLzIwMjRcLzEwXC9JTUdfODYwMy1zY2FsZWQuanBlZyIsInNsaWRlc2hvdyI6ImUzZGMzMDAifQ%3D%3D\">\n\t\t\t\t\t<div class=\"e-gallery-image elementor-gallery-item__image\" data-thumbnail=\"https:\/\/international.sites-cites.fr\/wp-content\/uploads\/2024\/10\/IMG_8603-scaled.jpeg\" data-width=\"2560\" data-height=\"1920\" aria-label=\"\" role=\"img\" ><\/div>\n\t\t\t\t\t\t\t\t\t\t\t<div class=\"elementor-gallery-item__overlay\"><\/div>\n\t\t\t\t\t\t\t\t\t\t\t\t\t\t<\/a>\n\t\t\t\t\t\t\t<a class=\"e-gallery-item elementor-gallery-item elementor-animated-content\" href=\"https:\/\/international.sites-cites.fr\/wp-content\/uploads\/2024\/10\/\u00a9-Andrea-Diaz-5.jpeg\" data-elementor-open-lightbox=\"yes\" data-elementor-lightbox-slideshow=\"e3dc300\" data-elementor-lightbox-title=\"\u00a9 Andrea D\u00edaz (5)\" data-e-action-hash=\"#elementor-action%3Aaction%3Dlightbox%26settings%3DeyJpZCI6NzI2NSwidXJsIjoiaHR0cHM6XC9cL2ludGVybmF0aW9uYWwuc2l0ZXMtY2l0ZXMuZnJcL3dwLWNvbnRlbnRcL3VwbG9hZHNcLzIwMjRcLzEwXC9cdTAwYTktQW5kcmVhLURpYXotNS5qcGVnIiwic2xpZGVzaG93IjoiZTNkYzMwMCJ9\">\n\t\t\t\t\t<div class=\"e-gallery-image elementor-gallery-item__image\" data-thumbnail=\"https:\/\/international.sites-cites.fr\/wp-content\/uploads\/2024\/10\/\u00a9-Andrea-Diaz-5.jpeg\" data-width=\"2048\" data-height=\"1152\" aria-label=\"\" role=\"img\" ><\/div>\n\t\t\t\t\t\t\t\t\t\t\t<div class=\"elementor-gallery-item__overlay\"><\/div>\n\t\t\t\t\t\t\t\t\t\t\t\t\t\t<\/a>\n\t\t\t\t\t\t\t<a class=\"e-gallery-item elementor-gallery-item elementor-animated-content\" href=\"https:\/\/international.sites-cites.fr\/wp-content\/uploads\/2024\/10\/Elbeuf-11-\u00a9-Andrea-Diaz-scaled.jpg\" data-elementor-open-lightbox=\"yes\" data-elementor-lightbox-slideshow=\"e3dc300\" data-elementor-lightbox-title=\"Elbeuf (11) \u00a9 Andrea D\u00edaz\" data-e-action-hash=\"#elementor-action%3Aaction%3Dlightbox%26settings%3DeyJpZCI6NzI5MiwidXJsIjoiaHR0cHM6XC9cL2ludGVybmF0aW9uYWwuc2l0ZXMtY2l0ZXMuZnJcL3dwLWNvbnRlbnRcL3VwbG9hZHNcLzIwMjRcLzEwXC9FbGJldWYtMTEtXHUwMGE5LUFuZHJlYS1EaWF6LXNjYWxlZC5qcGciLCJzbGlkZXNob3ciOiJlM2RjMzAwIn0%3D\">\n\t\t\t\t\t<div class=\"e-gallery-image elementor-gallery-item__image\" data-thumbnail=\"https:\/\/international.sites-cites.fr\/wp-content\/uploads\/2024\/10\/Elbeuf-11-\u00a9-Andrea-Diaz-scaled.jpg\" data-width=\"2560\" data-height=\"1920\" aria-label=\"\" role=\"img\" ><\/div>\n\t\t\t\t\t\t\t\t\t\t\t<div class=\"elementor-gallery-item__overlay\"><\/div>\n\t\t\t\t\t\t\t\t\t\t\t\t\t\t<\/a>\n\t\t\t\t\t\t\t<a class=\"e-gallery-item elementor-gallery-item elementor-animated-content\" href=\"https:\/\/international.sites-cites.fr\/wp-content\/uploads\/2024\/10\/Elbeuf-9-\u00a9-Andrea-Diaz-scaled.jpg\" data-elementor-open-lightbox=\"yes\" data-elementor-lightbox-slideshow=\"e3dc300\" data-elementor-lightbox-title=\"Elbeuf (9) \u00a9 Andrea D\u00edaz\" data-e-action-hash=\"#elementor-action%3Aaction%3Dlightbox%26settings%3DeyJpZCI6NzI5NSwidXJsIjoiaHR0cHM6XC9cL2ludGVybmF0aW9uYWwuc2l0ZXMtY2l0ZXMuZnJcL3dwLWNvbnRlbnRcL3VwbG9hZHNcLzIwMjRcLzEwXC9FbGJldWYtOS1cdTAwYTktQW5kcmVhLURpYXotc2NhbGVkLmpwZyIsInNsaWRlc2hvdyI6ImUzZGMzMDAifQ%3D%3D\">\n\t\t\t\t\t<div class=\"e-gallery-image elementor-gallery-item__image\" data-thumbnail=\"https:\/\/international.sites-cites.fr\/wp-content\/uploads\/2024\/10\/Elbeuf-9-\u00a9-Andrea-Diaz-scaled.jpg\" data-width=\"2560\" data-height=\"1920\" aria-label=\"\" role=\"img\" ><\/div>\n\t\t\t\t\t\t\t\t\t\t\t<div class=\"elementor-gallery-item__overlay\"><\/div>\n\t\t\t\t\t\t\t\t\t\t\t\t\t\t<\/a>\n\t\t\t\t\t\t\t<a class=\"e-gallery-item elementor-gallery-item elementor-animated-content\" href=\"https:\/\/international.sites-cites.fr\/wp-content\/uploads\/2024\/10\/Djoude-MERABET-1-\u00a9-Andrea-Diaz-scaled.jpg\" data-elementor-open-lightbox=\"yes\" data-elementor-lightbox-slideshow=\"e3dc300\" data-elementor-lightbox-title=\"Djoud\u00e9 MERABET (1) \u00a9 Andrea D\u00edaz\" data-e-action-hash=\"#elementor-action%3Aaction%3Dlightbox%26settings%3DeyJpZCI6NzI5OCwidXJsIjoiaHR0cHM6XC9cL2ludGVybmF0aW9uYWwuc2l0ZXMtY2l0ZXMuZnJcL3dwLWNvbnRlbnRcL3VwbG9hZHNcLzIwMjRcLzEwXC9Eam91ZGUtTUVSQUJFVC0xLVx1MDBhOS1BbmRyZWEtRGlhei1zY2FsZWQuanBnIiwic2xpZGVzaG93IjoiZTNkYzMwMCJ9\">\n\t\t\t\t\t<div class=\"e-gallery-image elementor-gallery-item__image\" data-thumbnail=\"https:\/\/international.sites-cites.fr\/wp-content\/uploads\/2024\/10\/Djoude-MERABET-1-\u00a9-Andrea-Diaz-scaled.jpg\" data-width=\"2560\" data-height=\"1920\" aria-label=\"Djoude MERABET \u00a9Andrea Diaz\" role=\"img\" ><\/div>\n\t\t\t\t\t\t\t\t\t\t\t<div class=\"elementor-gallery-item__overlay\"><\/div>\n\t\t\t\t\t\t\t\t\t\t\t\t\t\t<\/a>\n\t\t\t\t\t\t\t<a class=\"e-gallery-item elementor-gallery-item elementor-animated-content\" href=\"https:\/\/international.sites-cites.fr\/wp-content\/uploads\/2024\/10\/Elbeuf-Mediatheque-3-\u00a9-Andrea-Diaz-scaled.jpg\" data-elementor-open-lightbox=\"yes\" data-elementor-lightbox-slideshow=\"e3dc300\" data-elementor-lightbox-title=\"Elbeuf - M\u00e9diath\u00e8que (3) \u00a9 Andrea D\u00edaz\" data-e-action-hash=\"#elementor-action%3Aaction%3Dlightbox%26settings%3DeyJpZCI6NzMwMSwidXJsIjoiaHR0cHM6XC9cL2ludGVybmF0aW9uYWwuc2l0ZXMtY2l0ZXMuZnJcL3dwLWNvbnRlbnRcL3VwbG9hZHNcLzIwMjRcLzEwXC9FbGJldWYtTWVkaWF0aGVxdWUtMy1cdTAwYTktQW5kcmVhLURpYXotc2NhbGVkLmpwZyIsInNsaWRlc2hvdyI6ImUzZGMzMDAifQ%3D%3D\">\n\t\t\t\t\t<div class=\"e-gallery-image elementor-gallery-item__image\" data-thumbnail=\"https:\/\/international.sites-cites.fr\/wp-content\/uploads\/2024\/10\/Elbeuf-Mediatheque-3-\u00a9-Andrea-Diaz-scaled.jpg\" data-width=\"1440\" data-height=\"2560\" aria-label=\"\" role=\"img\" ><\/div>\n\t\t\t\t\t\t\t\t\t\t\t<div class=\"elementor-gallery-item__overlay\"><\/div>\n\t\t\t\t\t\t\t\t\t\t\t\t\t\t<\/a>\n\t\t\t\t\t<\/div>\n\t\t\t\t\t<\/div>\n\t\t\t\t<\/div>\n\t\t\t\t\t<\/div>\n\t\t<\/div>\n\t\t\t\t\t<\/div>\n\t\t<\/section>\n\t\t\t\t<\/div>\n\t\t","protected":false},"excerpt":{"rendered":"<p>En el marco del proyecto trienal de cooperaci\u00f3n internacional \u00abLlaves en mano\u00bb, Sites &amp; Cit\u00e9s, en colaboraci\u00f3n con la ciudad de Elbeuf-sur-Seine, organiz\u00f3 los d\u00edas 16 y 17 de septiembre de 2024 un viaje de estudios para una delegaci\u00f3n latinoamericana. La delegaci\u00f3n estaba formada por : Jorge ORTEGA GONZALEZ: Director de la Asociaci\u00f3n Nacional de [&hellip;]<\/p>\n","protected":false},"author":3,"featured_media":7311,"comment_status":"open","ping_status":"open","sticky":false,"template":"elementor_theme","format":"standard","meta":{"_acf_changed":false,"_bbp_topic_count":0,"_bbp_reply_count":0,"_bbp_total_topic_count":0,"_bbp_total_reply_count":0,"_bbp_voice_count":0,"_bbp_anonymous_reply_count":0,"_bbp_topic_count_hidden":0,"_bbp_reply_count_hidden":0,"_bbp_forum_subforum_count":0,"footnotes":""},"categories":[46],"tags":[],"class_list":["post-7742","post","type-post","status-publish","format-standard","has-post-thumbnail","hentry","category-acciones-pasadas"],"acf":[],"yoast_head":"<!-- This site is optimized with the Yoast SEO plugin v27.5 - https:\/\/yoast.com\/product\/yoast-seo-wordpress\/ -->\n<title>VIAJE DE ESTUDIOS - DELEGACI\u00d3N LATINOAMERICANA A ELBEUF-SUR-SEINE, 16 y 17 de septiembre de 2024 - Sites &amp; Cit\u00e9s International<\/title>\n<meta name=\"robots\" content=\"index, follow, max-snippet:-1, max-image-preview:large, max-video-preview:-1\" \/>\n<link rel=\"canonical\" href=\"https:\/\/international.sites-cites.fr\/es\/viaje-de-estudios-delegacion-latinoamericana-a-elbeuf-sur-seine-16-y-17-de-septiembre-de-2024\/\" \/>\n<meta property=\"og:locale\" content=\"es_ES\" \/>\n<meta property=\"og:type\" content=\"article\" \/>\n<meta property=\"og:title\" content=\"VIAJE DE ESTUDIOS - DELEGACI\u00d3N LATINOAMERICANA A ELBEUF-SUR-SEINE, 16 y 17 de septiembre de 2024 - Sites &amp; Cit\u00e9s International\" \/>\n<meta property=\"og:description\" content=\"En el marco del proyecto trienal de cooperaci\u00f3n internacional \u00abLlaves en mano\u00bb, Sites &amp; Cit\u00e9s, en colaboraci\u00f3n con la ciudad de Elbeuf-sur-Seine, organiz\u00f3 los d\u00edas 16 y 17 de septiembre de 2024 un viaje de estudios para una delegaci\u00f3n latinoamericana. La delegaci\u00f3n estaba formada por : Jorge ORTEGA GONZALEZ: Director de la Asociaci\u00f3n Nacional de [&hellip;]\" \/>\n<meta property=\"og:url\" content=\"https:\/\/international.sites-cites.fr\/es\/viaje-de-estudios-delegacion-latinoamericana-a-elbeuf-sur-seine-16-y-17-de-septiembre-de-2024\/\" \/>\n<meta property=\"og:site_name\" content=\"Sites &amp; Cit\u00e9s International\" \/>\n<meta property=\"article:published_time\" content=\"2024-10-07T10:06:50+00:00\" \/>\n<meta property=\"article:modified_time\" content=\"2025-09-03T11:49:09+00:00\" \/>\n<meta property=\"og:image\" content=\"https:\/\/international.sites-cites.fr\/wp-content\/uploads\/2024\/10\/WhatsApp-Image-2024-09-16-at-23.51.02-1-scaled.jpeg\" \/>\n\t<meta property=\"og:image:width\" content=\"2560\" \/>\n\t<meta property=\"og:image:height\" content=\"1920\" \/>\n\t<meta property=\"og:image:type\" content=\"image\/jpeg\" \/>\n<meta name=\"author\" content=\"Sites &amp; Cit\u00e9s\" \/>\n<meta name=\"twitter:card\" content=\"summary_large_image\" \/>\n<meta name=\"twitter:label1\" content=\"Escrito por\" \/>\n\t<meta name=\"twitter:data1\" content=\"Sites &amp; Cit\u00e9s\" \/>\n\t<meta name=\"twitter:label2\" content=\"Tiempo de lectura\" \/>\n\t<meta name=\"twitter:data2\" content=\"1 minuto\" \/>\n<script type=\"application\/ld+json\" class=\"yoast-schema-graph\">{\"@context\":\"https:\\\/\\\/schema.org\",\"@graph\":[{\"@type\":\"Article\",\"@id\":\"https:\\\/\\\/international.sites-cites.fr\\\/es\\\/viaje-de-estudios-delegacion-latinoamericana-a-elbeuf-sur-seine-16-y-17-de-septiembre-de-2024\\\/#article\",\"isPartOf\":{\"@id\":\"https:\\\/\\\/international.sites-cites.fr\\\/es\\\/viaje-de-estudios-delegacion-latinoamericana-a-elbeuf-sur-seine-16-y-17-de-septiembre-de-2024\\\/\"},\"author\":{\"name\":\"Sites &amp; Cit\u00e9s\",\"@id\":\"https:\\\/\\\/international.sites-cites.fr\\\/es\\\/#\\\/schema\\\/person\\\/ed564f2d88350a097a740a91261d1ac2\"},\"headline\":\"VIAJE DE ESTUDIOS &#8211; DELEGACI\u00d3N LATINOAMERICANA A ELBEUF-SUR-SEINE, 16 y 17 de septiembre de 2024\",\"datePublished\":\"2024-10-07T10:06:50+00:00\",\"dateModified\":\"2025-09-03T11:49:09+00:00\",\"mainEntityOfPage\":{\"@id\":\"https:\\\/\\\/international.sites-cites.fr\\\/es\\\/viaje-de-estudios-delegacion-latinoamericana-a-elbeuf-sur-seine-16-y-17-de-septiembre-de-2024\\\/\"},\"wordCount\":288,\"commentCount\":0,\"publisher\":{\"@id\":\"https:\\\/\\\/international.sites-cites.fr\\\/es\\\/#organization\"},\"image\":{\"@id\":\"https:\\\/\\\/international.sites-cites.fr\\\/es\\\/viaje-de-estudios-delegacion-latinoamericana-a-elbeuf-sur-seine-16-y-17-de-septiembre-de-2024\\\/#primaryimage\"},\"thumbnailUrl\":\"https:\\\/\\\/international.sites-cites.fr\\\/wp-content\\\/uploads\\\/2024\\\/10\\\/WhatsApp-Image-2024-09-16-at-23.51.02-1-scaled.jpeg\",\"articleSection\":[\"Acciones pasadas\"],\"inLanguage\":\"es\",\"potentialAction\":[{\"@type\":\"CommentAction\",\"name\":\"Comment\",\"target\":[\"https:\\\/\\\/international.sites-cites.fr\\\/es\\\/viaje-de-estudios-delegacion-latinoamericana-a-elbeuf-sur-seine-16-y-17-de-septiembre-de-2024\\\/#respond\"]}]},{\"@type\":\"WebPage\",\"@id\":\"https:\\\/\\\/international.sites-cites.fr\\\/es\\\/viaje-de-estudios-delegacion-latinoamericana-a-elbeuf-sur-seine-16-y-17-de-septiembre-de-2024\\\/\",\"url\":\"https:\\\/\\\/international.sites-cites.fr\\\/es\\\/viaje-de-estudios-delegacion-latinoamericana-a-elbeuf-sur-seine-16-y-17-de-septiembre-de-2024\\\/\",\"name\":\"VIAJE DE ESTUDIOS - DELEGACI\u00d3N LATINOAMERICANA A ELBEUF-SUR-SEINE, 16 y 17 de septiembre de 2024 - Sites &amp; Cit\u00e9s International\",\"isPartOf\":{\"@id\":\"https:\\\/\\\/international.sites-cites.fr\\\/es\\\/#website\"},\"primaryImageOfPage\":{\"@id\":\"https:\\\/\\\/international.sites-cites.fr\\\/es\\\/viaje-de-estudios-delegacion-latinoamericana-a-elbeuf-sur-seine-16-y-17-de-septiembre-de-2024\\\/#primaryimage\"},\"image\":{\"@id\":\"https:\\\/\\\/international.sites-cites.fr\\\/es\\\/viaje-de-estudios-delegacion-latinoamericana-a-elbeuf-sur-seine-16-y-17-de-septiembre-de-2024\\\/#primaryimage\"},\"thumbnailUrl\":\"https:\\\/\\\/international.sites-cites.fr\\\/wp-content\\\/uploads\\\/2024\\\/10\\\/WhatsApp-Image-2024-09-16-at-23.51.02-1-scaled.jpeg\",\"datePublished\":\"2024-10-07T10:06:50+00:00\",\"dateModified\":\"2025-09-03T11:49:09+00:00\",\"breadcrumb\":{\"@id\":\"https:\\\/\\\/international.sites-cites.fr\\\/es\\\/viaje-de-estudios-delegacion-latinoamericana-a-elbeuf-sur-seine-16-y-17-de-septiembre-de-2024\\\/#breadcrumb\"},\"inLanguage\":\"es\",\"potentialAction\":[{\"@type\":\"ReadAction\",\"target\":[\"https:\\\/\\\/international.sites-cites.fr\\\/es\\\/viaje-de-estudios-delegacion-latinoamericana-a-elbeuf-sur-seine-16-y-17-de-septiembre-de-2024\\\/\"]}]},{\"@type\":\"ImageObject\",\"inLanguage\":\"es\",\"@id\":\"https:\\\/\\\/international.sites-cites.fr\\\/es\\\/viaje-de-estudios-delegacion-latinoamericana-a-elbeuf-sur-seine-16-y-17-de-septiembre-de-2024\\\/#primaryimage\",\"url\":\"https:\\\/\\\/international.sites-cites.fr\\\/wp-content\\\/uploads\\\/2024\\\/10\\\/WhatsApp-Image-2024-09-16-at-23.51.02-1-scaled.jpeg\",\"contentUrl\":\"https:\\\/\\\/international.sites-cites.fr\\\/wp-content\\\/uploads\\\/2024\\\/10\\\/WhatsApp-Image-2024-09-16-at-23.51.02-1-scaled.jpeg\",\"width\":2560,\"height\":1920},{\"@type\":\"BreadcrumbList\",\"@id\":\"https:\\\/\\\/international.sites-cites.fr\\\/es\\\/viaje-de-estudios-delegacion-latinoamericana-a-elbeuf-sur-seine-16-y-17-de-septiembre-de-2024\\\/#breadcrumb\",\"itemListElement\":[{\"@type\":\"ListItem\",\"position\":1,\"name\":\"Accueil\",\"item\":\"https:\\\/\\\/international.sites-cites.fr\\\/es\\\/\"},{\"@type\":\"ListItem\",\"position\":2,\"name\":\"VIAJE DE ESTUDIOS &#8211; DELEGACI\u00d3N LATINOAMERICANA A ELBEUF-SUR-SEINE, 16 y 17 de septiembre de 2024\"}]},{\"@type\":\"WebSite\",\"@id\":\"https:\\\/\\\/international.sites-cites.fr\\\/es\\\/#website\",\"url\":\"https:\\\/\\\/international.sites-cites.fr\\\/es\\\/\",\"name\":\"Sites & Cit\u00e9s International\",\"description\":\"\",\"publisher\":{\"@id\":\"https:\\\/\\\/international.sites-cites.fr\\\/es\\\/#organization\"},\"potentialAction\":[{\"@type\":\"SearchAction\",\"target\":{\"@type\":\"EntryPoint\",\"urlTemplate\":\"https:\\\/\\\/international.sites-cites.fr\\\/es\\\/?s={search_term_string}\"},\"query-input\":{\"@type\":\"PropertyValueSpecification\",\"valueRequired\":true,\"valueName\":\"search_term_string\"}}],\"inLanguage\":\"es\"},{\"@type\":\"Organization\",\"@id\":\"https:\\\/\\\/international.sites-cites.fr\\\/es\\\/#organization\",\"name\":\"Sites & Cit\u00e9s International\",\"url\":\"https:\\\/\\\/international.sites-cites.fr\\\/es\\\/\",\"logo\":{\"@type\":\"ImageObject\",\"inLanguage\":\"es\",\"@id\":\"https:\\\/\\\/international.sites-cites.fr\\\/es\\\/#\\\/schema\\\/logo\\\/image\\\/\",\"url\":\"https:\\\/\\\/international.sites-cites.fr\\\/wp-content\\\/uploads\\\/2023\\\/01\\\/cropped-logo-01.png\",\"contentUrl\":\"https:\\\/\\\/international.sites-cites.fr\\\/wp-content\\\/uploads\\\/2023\\\/01\\\/cropped-logo-01.png\",\"width\":1378,\"height\":1015,\"caption\":\"Sites & Cit\u00e9s International\"},\"image\":{\"@id\":\"https:\\\/\\\/international.sites-cites.fr\\\/es\\\/#\\\/schema\\\/logo\\\/image\\\/\"}},{\"@type\":\"Person\",\"@id\":\"https:\\\/\\\/international.sites-cites.fr\\\/es\\\/#\\\/schema\\\/person\\\/ed564f2d88350a097a740a91261d1ac2\",\"name\":\"Sites &amp; Cit\u00e9s\",\"image\":{\"@type\":\"ImageObject\",\"inLanguage\":\"es\",\"@id\":\"https:\\\/\\\/secure.gravatar.com\\\/avatar\\\/eee5f372a425f83e1bc28203a4022cf527db8b280da8a9bb3364d0ed0f195782?s=96&d=mm&r=g\",\"url\":\"https:\\\/\\\/secure.gravatar.com\\\/avatar\\\/eee5f372a425f83e1bc28203a4022cf527db8b280da8a9bb3364d0ed0f195782?s=96&d=mm&r=g\",\"contentUrl\":\"https:\\\/\\\/secure.gravatar.com\\\/avatar\\\/eee5f372a425f83e1bc28203a4022cf527db8b280da8a9bb3364d0ed0f195782?s=96&d=mm&r=g\",\"caption\":\"Sites &amp; Cit\u00e9s\"}}]}<\/script>\n<!-- \/ Yoast SEO plugin. -->","yoast_head_json":{"title":"VIAJE DE ESTUDIOS - DELEGACI\u00d3N LATINOAMERICANA A ELBEUF-SUR-SEINE, 16 y 17 de septiembre de 2024 - Sites &amp; Cit\u00e9s International","robots":{"index":"index","follow":"follow","max-snippet":"max-snippet:-1","max-image-preview":"max-image-preview:large","max-video-preview":"max-video-preview:-1"},"canonical":"https:\/\/international.sites-cites.fr\/es\/viaje-de-estudios-delegacion-latinoamericana-a-elbeuf-sur-seine-16-y-17-de-septiembre-de-2024\/","og_locale":"es_ES","og_type":"article","og_title":"VIAJE DE ESTUDIOS - DELEGACI\u00d3N LATINOAMERICANA A ELBEUF-SUR-SEINE, 16 y 17 de septiembre de 2024 - Sites &amp; Cit\u00e9s International","og_description":"En el marco del proyecto trienal de cooperaci\u00f3n internacional \u00abLlaves en mano\u00bb, Sites &amp; Cit\u00e9s, en colaboraci\u00f3n con la ciudad de Elbeuf-sur-Seine, organiz\u00f3 los d\u00edas 16 y 17 de septiembre de 2024 un viaje de estudios para una delegaci\u00f3n latinoamericana. La delegaci\u00f3n estaba formada por : Jorge ORTEGA GONZALEZ: Director de la Asociaci\u00f3n Nacional de [&hellip;]","og_url":"https:\/\/international.sites-cites.fr\/es\/viaje-de-estudios-delegacion-latinoamericana-a-elbeuf-sur-seine-16-y-17-de-septiembre-de-2024\/","og_site_name":"Sites &amp; Cit\u00e9s International","article_published_time":"2024-10-07T10:06:50+00:00","article_modified_time":"2025-09-03T11:49:09+00:00","og_image":[{"width":2560,"height":1920,"url":"https:\/\/international.sites-cites.fr\/wp-content\/uploads\/2024\/10\/WhatsApp-Image-2024-09-16-at-23.51.02-1-scaled.jpeg","type":"image\/jpeg"}],"author":"Sites &amp; Cit\u00e9s","twitter_card":"summary_large_image","twitter_misc":{"Escrito por":"Sites &amp; Cit\u00e9s","Tiempo de lectura":"1 minuto"},"schema":{"@context":"https:\/\/schema.org","@graph":[{"@type":"Article","@id":"https:\/\/international.sites-cites.fr\/es\/viaje-de-estudios-delegacion-latinoamericana-a-elbeuf-sur-seine-16-y-17-de-septiembre-de-2024\/#article","isPartOf":{"@id":"https:\/\/international.sites-cites.fr\/es\/viaje-de-estudios-delegacion-latinoamericana-a-elbeuf-sur-seine-16-y-17-de-septiembre-de-2024\/"},"author":{"name":"Sites &amp; Cit\u00e9s","@id":"https:\/\/international.sites-cites.fr\/es\/#\/schema\/person\/ed564f2d88350a097a740a91261d1ac2"},"headline":"VIAJE DE ESTUDIOS &#8211; DELEGACI\u00d3N LATINOAMERICANA A ELBEUF-SUR-SEINE, 16 y 17 de septiembre de 2024","datePublished":"2024-10-07T10:06:50+00:00","dateModified":"2025-09-03T11:49:09+00:00","mainEntityOfPage":{"@id":"https:\/\/international.sites-cites.fr\/es\/viaje-de-estudios-delegacion-latinoamericana-a-elbeuf-sur-seine-16-y-17-de-septiembre-de-2024\/"},"wordCount":288,"commentCount":0,"publisher":{"@id":"https:\/\/international.sites-cites.fr\/es\/#organization"},"image":{"@id":"https:\/\/international.sites-cites.fr\/es\/viaje-de-estudios-delegacion-latinoamericana-a-elbeuf-sur-seine-16-y-17-de-septiembre-de-2024\/#primaryimage"},"thumbnailUrl":"https:\/\/international.sites-cites.fr\/wp-content\/uploads\/2024\/10\/WhatsApp-Image-2024-09-16-at-23.51.02-1-scaled.jpeg","articleSection":["Acciones pasadas"],"inLanguage":"es","potentialAction":[{"@type":"CommentAction","name":"Comment","target":["https:\/\/international.sites-cites.fr\/es\/viaje-de-estudios-delegacion-latinoamericana-a-elbeuf-sur-seine-16-y-17-de-septiembre-de-2024\/#respond"]}]},{"@type":"WebPage","@id":"https:\/\/international.sites-cites.fr\/es\/viaje-de-estudios-delegacion-latinoamericana-a-elbeuf-sur-seine-16-y-17-de-septiembre-de-2024\/","url":"https:\/\/international.sites-cites.fr\/es\/viaje-de-estudios-delegacion-latinoamericana-a-elbeuf-sur-seine-16-y-17-de-septiembre-de-2024\/","name":"VIAJE DE ESTUDIOS - DELEGACI\u00d3N LATINOAMERICANA A ELBEUF-SUR-SEINE, 16 y 17 de septiembre de 2024 - Sites &amp; Cit\u00e9s International","isPartOf":{"@id":"https:\/\/international.sites-cites.fr\/es\/#website"},"primaryImageOfPage":{"@id":"https:\/\/international.sites-cites.fr\/es\/viaje-de-estudios-delegacion-latinoamericana-a-elbeuf-sur-seine-16-y-17-de-septiembre-de-2024\/#primaryimage"},"image":{"@id":"https:\/\/international.sites-cites.fr\/es\/viaje-de-estudios-delegacion-latinoamericana-a-elbeuf-sur-seine-16-y-17-de-septiembre-de-2024\/#primaryimage"},"thumbnailUrl":"https:\/\/international.sites-cites.fr\/wp-content\/uploads\/2024\/10\/WhatsApp-Image-2024-09-16-at-23.51.02-1-scaled.jpeg","datePublished":"2024-10-07T10:06:50+00:00","dateModified":"2025-09-03T11:49:09+00:00","breadcrumb":{"@id":"https:\/\/international.sites-cites.fr\/es\/viaje-de-estudios-delegacion-latinoamericana-a-elbeuf-sur-seine-16-y-17-de-septiembre-de-2024\/#breadcrumb"},"inLanguage":"es","potentialAction":[{"@type":"ReadAction","target":["https:\/\/international.sites-cites.fr\/es\/viaje-de-estudios-delegacion-latinoamericana-a-elbeuf-sur-seine-16-y-17-de-septiembre-de-2024\/"]}]},{"@type":"ImageObject","inLanguage":"es","@id":"https:\/\/international.sites-cites.fr\/es\/viaje-de-estudios-delegacion-latinoamericana-a-elbeuf-sur-seine-16-y-17-de-septiembre-de-2024\/#primaryimage","url":"https:\/\/international.sites-cites.fr\/wp-content\/uploads\/2024\/10\/WhatsApp-Image-2024-09-16-at-23.51.02-1-scaled.jpeg","contentUrl":"https:\/\/international.sites-cites.fr\/wp-content\/uploads\/2024\/10\/WhatsApp-Image-2024-09-16-at-23.51.02-1-scaled.jpeg","width":2560,"height":1920},{"@type":"BreadcrumbList","@id":"https:\/\/international.sites-cites.fr\/es\/viaje-de-estudios-delegacion-latinoamericana-a-elbeuf-sur-seine-16-y-17-de-septiembre-de-2024\/#breadcrumb","itemListElement":[{"@type":"ListItem","position":1,"name":"Accueil","item":"https:\/\/international.sites-cites.fr\/es\/"},{"@type":"ListItem","position":2,"name":"VIAJE DE ESTUDIOS &#8211; DELEGACI\u00d3N LATINOAMERICANA A ELBEUF-SUR-SEINE, 16 y 17 de septiembre de 2024"}]},{"@type":"WebSite","@id":"https:\/\/international.sites-cites.fr\/es\/#website","url":"https:\/\/international.sites-cites.fr\/es\/","name":"Sites & Cit\u00e9s International","description":"","publisher":{"@id":"https:\/\/international.sites-cites.fr\/es\/#organization"},"potentialAction":[{"@type":"SearchAction","target":{"@type":"EntryPoint","urlTemplate":"https:\/\/international.sites-cites.fr\/es\/?s={search_term_string}"},"query-input":{"@type":"PropertyValueSpecification","valueRequired":true,"valueName":"search_term_string"}}],"inLanguage":"es"},{"@type":"Organization","@id":"https:\/\/international.sites-cites.fr\/es\/#organization","name":"Sites & Cit\u00e9s International","url":"https:\/\/international.sites-cites.fr\/es\/","logo":{"@type":"ImageObject","inLanguage":"es","@id":"https:\/\/international.sites-cites.fr\/es\/#\/schema\/logo\/image\/","url":"https:\/\/international.sites-cites.fr\/wp-content\/uploads\/2023\/01\/cropped-logo-01.png","contentUrl":"https:\/\/international.sites-cites.fr\/wp-content\/uploads\/2023\/01\/cropped-logo-01.png","width":1378,"height":1015,"caption":"Sites & Cit\u00e9s International"},"image":{"@id":"https:\/\/international.sites-cites.fr\/es\/#\/schema\/logo\/image\/"}},{"@type":"Person","@id":"https:\/\/international.sites-cites.fr\/es\/#\/schema\/person\/ed564f2d88350a097a740a91261d1ac2","name":"Sites &amp; Cit\u00e9s","image":{"@type":"ImageObject","inLanguage":"es","@id":"https:\/\/secure.gravatar.com\/avatar\/eee5f372a425f83e1bc28203a4022cf527db8b280da8a9bb3364d0ed0f195782?s=96&d=mm&r=g","url":"https:\/\/secure.gravatar.com\/avatar\/eee5f372a425f83e1bc28203a4022cf527db8b280da8a9bb3364d0ed0f195782?s=96&d=mm&r=g","contentUrl":"https:\/\/secure.gravatar.com\/avatar\/eee5f372a425f83e1bc28203a4022cf527db8b280da8a9bb3364d0ed0f195782?s=96&d=mm&r=g","caption":"Sites &amp; Cit\u00e9s"}}]}},"_links":{"self":[{"href":"https:\/\/international.sites-cites.fr\/es\/wp-json\/wp\/v2\/posts\/7742","targetHints":{"allow":["GET"]}}],"collection":[{"href":"https:\/\/international.sites-cites.fr\/es\/wp-json\/wp\/v2\/posts"}],"about":[{"href":"https:\/\/international.sites-cites.fr\/es\/wp-json\/wp\/v2\/types\/post"}],"author":[{"embeddable":true,"href":"https:\/\/international.sites-cites.fr\/es\/wp-json\/wp\/v2\/users\/3"}],"replies":[{"embeddable":true,"href":"https:\/\/international.sites-cites.fr\/es\/wp-json\/wp\/v2\/comments?post=7742"}],"version-history":[{"count":2,"href":"https:\/\/international.sites-cites.fr\/es\/wp-json\/wp\/v2\/posts\/7742\/revisions"}],"predecessor-version":[{"id":7937,"href":"https:\/\/international.sites-cites.fr\/es\/wp-json\/wp\/v2\/posts\/7742\/revisions\/7937"}],"wp:featuredmedia":[{"embeddable":true,"href":"https:\/\/international.sites-cites.fr\/es\/wp-json\/wp\/v2\/media\/7311"}],"wp:attachment":[{"href":"https:\/\/international.sites-cites.fr\/es\/wp-json\/wp\/v2\/media?parent=7742"}],"wp:term":[{"taxonomy":"category","embeddable":true,"href":"https:\/\/international.sites-cites.fr\/es\/wp-json\/wp\/v2\/categories?post=7742"},{"taxonomy":"post_tag","embeddable":true,"href":"https:\/\/international.sites-cites.fr\/es\/wp-json\/wp\/v2\/tags?post=7742"}],"curies":[{"name":"wp","href":"https:\/\/api.w.org\/{rel}","templated":true}]}}